{"id":3892,"date":"2019-03-11T20:54:03","date_gmt":"2019-03-11T20:54:03","guid":{"rendered":"http:\/\/sites.ipleiria.pt\/projetocp2s\/?p=3892"},"modified":"2019-03-18T15:17:54","modified_gmt":"2019-03-18T15:17:54","slug":"tratado-moderno-de-ceramica","status":"publish","type":"post","link":"https:\/\/sites.ipleiria.pt\/projetocp2s\/2019\/03\/11\/tratado-moderno-de-ceramica\/","title":{"rendered":"Tratado moderno de Cer\u00e1mica"},"content":{"rendered":"\n<blockquote>\n<p><span style=\"font-size: 14pt\">Tratado moderno de Cer\u00e1mica : Mec\u00e1nica y manual<\/span><\/p>\n<\/blockquote>\n<div>&nbsp;<\/div>\n<p><strong>Biografia do Autor:<\/strong><\/p>\n<div style=\"text-align: justify\">F. Kuta foi o autor da obra <em>Tratado moderno de Cer\u00e1mica : Mec\u00e1nica y manual<\/em> (obra em exposi\u00e7\u00e3o). \u00c0 data de 1944, sabe-se que era diretor de Industrias Cer\u00e1micas e era membro da Verein Deutscher Ingenieure \u2013 Berlim (Associa\u00e7\u00e3o de Engenheiros Alem\u00e3es).<\/div>\n<h1>&nbsp;<\/h1>\n<p><strong>Resumo da Monografia:<\/strong><\/p>\n<p style=\"text-align: justify\">Esta obra apresenta-se como um manual, ou mesmo um tratado, de cer\u00e2mica, tanto industrial como artesanal, tratando as t\u00e9cnicas, tecnologias e metodologias atualizadas \u00e0 data de publica\u00e7\u00e3o. \u00c9 apresentada uma breve hist\u00f3ria da cer\u00e2mica e alguns dados gerais sobre cer\u00e2mica em jeito de introdu\u00e7\u00e3o, seguindo-se a descri\u00e7\u00e3o e caracteriza\u00e7\u00e3o das mat\u00e9rias-primas a n\u00edvel f\u00edsico e qu\u00edmico (e os ensaios e an\u00e1lises a realizar), os m\u00e9todos de prepara\u00e7\u00e3o das pastas cer\u00e2micas, as t\u00e9cnicas de moldagem, o fabrico e formula\u00e7\u00e3o dos revestimentos para produtos cer\u00e2micos (a saber vidrado, verniz e esmalte), as mat\u00e9rias-primas e prepara\u00e7\u00e3o das composi\u00e7\u00f5es coloridas usadas na decora\u00e7\u00e3o, os processos e tecnologias usadas na secagem e cozedura, terminando com cap\u00edtulos relativos a produtos cer\u00e2micos divididos por material e t\u00e9cnica, a saber terracotas (olarias comum, ladrilhos, telhas e produtos refrat\u00e1rio), azulejo (tecnologia, prepara\u00e7\u00e3o, modela\u00e7\u00e3o, cozedura e esmaltagem), loi\u00e7as (classifica\u00e7\u00e3o e variedades, como olaria comum vidrada, lou\u00e7a de vidrado estan\u00edfero, normalmente faian\u00e7a, e a loi\u00e7a fina) e os produtos de pasta compacta (gr\u00e9s e porcelana).<\/p>\n<h2>&nbsp;<\/h2>\n<p style=\"text-align: center\"><span style=\"font-size: 10pt\"><img loading=\"lazy\" decoding=\"async\" class=\"alignnone  wp-image-3894\" src=\"http:\/\/sites.ipleiria.pt\/projetocp2s\/files\/2019\/03\/1093_001-210x300.jpg\" alt=\"\" width=\"675\" height=\"964\" srcset=\"https:\/\/sites.ipleiria.pt\/projetocp2s\/files\/2019\/03\/1093_001-210x300.jpg 210w, https:\/\/sites.ipleiria.pt\/projetocp2s\/files\/2019\/03\/1093_001-768x1098.jpg 768w, https:\/\/sites.ipleiria.pt\/projetocp2s\/files\/2019\/03\/1093_001-716x1024.jpg 716w, https:\/\/sites.ipleiria.pt\/projetocp2s\/files\/2019\/03\/1093_001-7x10.jpg 7w, https:\/\/sites.ipleiria.pt\/projetocp2s\/files\/2019\/03\/1093_001-432x618.jpg 432w, https:\/\/sites.ipleiria.pt\/projetocp2s\/files\/2019\/03\/1093_001-396x566.jpg 396w, https:\/\/sites.ipleiria.pt\/projetocp2s\/files\/2019\/03\/1093_001-1120x1601.jpg 1120w, https:\/\/sites.ipleiria.pt\/projetocp2s\/files\/2019\/03\/1093_001-660x943.jpg 660w, https:\/\/sites.ipleiria.pt\/projetocp2s\/files\/2019\/03\/1093_001-154x220.jpg 154w, https:\/\/sites.ipleiria.pt\/projetocp2s\/files\/2019\/03\/1093_001.jpg 1674w\" sizes=\"auto, (max-width: 600px) 91vw, (max-width: 900px) 600px, (max-width: 1060px) 50vw, (max-width: 1200px) 520px, (max-width: 1400px) 43vw, 600px\" \/>&#8211;&nbsp;<\/span><span style=\"font-size: 12px\">KUTA, R. F. &#8211; <em>Tratado moderno de Cer\u00e1mica : Mec\u00e1nica y manual<\/em>. Barcelona: Serrahima y Urp\u00ed, 1944. 439, [9] p.<\/span><\/p>\n<p>&nbsp;<\/p>\n","protected":false},"excerpt":{"rendered":"<p>Tratado moderno de Cer\u00e1mica : Mec\u00e1nica y manual &nbsp; Biografia do Autor: F. Kuta foi o autor da obra Tratado moderno de Cer\u00e1mica : Mec\u00e1nica y manual (obra em exposi\u00e7\u00e3o). \u00c0 data de 1944, sabe-se que era diretor de Industrias Cer\u00e1micas e era membro da Verein Deutscher Ingenieure \u2013 Berlim (Associa\u00e7\u00e3o de Engenheiros Alem\u00e3es). &nbsp; [&hellip;]<\/p>\n","protected":false},"author":4286,"featured_media":3894,"comment_status":"open","ping_status":"open","sticky":false,"template":"","format":"standard","meta":{"footnotes":""},"categories":[133170,110974,4072,111879,111888],"tags":[],"class_list":["post-3892","post","type-post","status-publish","format-standard","has-post-thumbnail","hentry","category-biblioteca-de-um-ceramista-industrial-1880-1980","category-centro-de-documentacao","category-exposicoes","category-monografias","category-nucleo-3-a-fabrica-secla","entry-image--portrait"],"_links":{"self":[{"href":"https:\/\/sites.ipleiria.pt\/projetocp2s\/wp-json\/wp\/v2\/posts\/3892","targetHints":{"allow":["GET"]}}],"collection":[{"href":"https:\/\/sites.ipleiria.pt\/projetocp2s\/wp-json\/wp\/v2\/posts"}],"about":[{"href":"https:\/\/sites.ipleiria.pt\/projetocp2s\/wp-json\/wp\/v2\/types\/post"}],"author":[{"embeddable":true,"href":"https:\/\/sites.ipleiria.pt\/projetocp2s\/wp-json\/wp\/v2\/users\/4286"}],"replies":[{"embeddable":true,"href":"https:\/\/sites.ipleiria.pt\/projetocp2s\/wp-json\/wp\/v2\/comments?post=3892"}],"version-history":[{"count":3,"href":"https:\/\/sites.ipleiria.pt\/projetocp2s\/wp-json\/wp\/v2\/posts\/3892\/revisions"}],"predecessor-version":[{"id":4280,"href":"https:\/\/sites.ipleiria.pt\/projetocp2s\/wp-json\/wp\/v2\/posts\/3892\/revisions\/4280"}],"wp:featuredmedia":[{"embeddable":true,"href":"https:\/\/sites.ipleiria.pt\/projetocp2s\/wp-json\/wp\/v2\/media\/3894"}],"wp:attachment":[{"href":"https:\/\/sites.ipleiria.pt\/projetocp2s\/wp-json\/wp\/v2\/media?parent=3892"}],"wp:term":[{"taxonomy":"category","embeddable":true,"href":"https:\/\/sites.ipleiria.pt\/projetocp2s\/wp-json\/wp\/v2\/categories?post=3892"},{"taxonomy":"post_tag","embeddable":true,"href":"https:\/\/sites.ipleiria.pt\/projetocp2s\/wp-json\/wp\/v2\/tags?post=3892"}],"curies":[{"name":"wp","href":"https:\/\/api.w.org\/{rel}","templated":true}]}}