{"id":3897,"date":"2019-03-11T21:41:02","date_gmt":"2019-03-11T21:41:02","guid":{"rendered":"http:\/\/sites.ipleiria.pt\/projetocp2s\/?p=3897"},"modified":"2019-03-18T15:17:21","modified_gmt":"2019-03-18T15:17:21","slug":"comment-reconnaitre-les-porcelaines-et-les-faiences-dapres-leurs-marques-et-leurs-caracteres","status":"publish","type":"post","link":"https:\/\/sites.ipleiria.pt\/projetocp2s\/2019\/03\/11\/comment-reconnaitre-les-porcelaines-et-les-faiences-dapres-leurs-marques-et-leurs-caracteres\/","title":{"rendered":"Comment reconna\u00eetre les porcelaines et les fa\u00efences d&#8217;apr\u00e8s leurs marques et leurs caract\u00e8res"},"content":{"rendered":"\n<blockquote>\n<p><span style=\"font-size: 14pt\">Comment reconna\u00eetre les porcelaines et les fa\u00efences d&#8217;apr\u00e8s leurs marques et leurs caract\u00e8res<\/span><\/p>\n<\/blockquote>\n<div>&nbsp;<\/div>\n<p><strong>Biografia do Autor:<\/strong><\/p>\n<div style=\"text-align: justify\">Ernest-Simon Auscher (21.06.1857 \u2013 10.12.1931) foi um engenheiro e ceramista franc\u00eas. Terminou o curso na \u00c9cole Centrale des Arts et Manufactures em 1879. Ao longo da sua vida profissional, desempenhou in\u00fameros pap\u00e9is, ligados a v\u00e1rias \u00e1reas do conhecimento. Na \u00e1rea da cer\u00e2mica, foi chefe de fabrico na Manufacture nationale de S\u00e8vres. Na \u00e1rea da engenharia, foi engenheiro do Conselho de estabelecimentos de caridades e hospitalares do Minist\u00e9rio do Interior, das f\u00e1bricas Citro\u00ebn e da Companhia Thomson-Houston. Na \u00e1rea da higiene, foi diretor do Bureau Municipal d\u2019Hygi\u00e8ne de Versailles, membro do Bureau d\u2019Hygi\u00e8ne militaire, do Conseil d\u00e9partemental d\u2019Hygi\u00e8ne de Seine-et-Oise e do Conseil sup\u00e9rieur d\u2019Hygi\u00e8ne publique de France, e representante de Fran\u00e7a na Sociedade das Na\u00e7\u00f5es aquando da visita a Inglaterra de estabelecimentos de saneamento e ordenamento urbano. Na \u00e1rea da hidr\u00e1ulica, foi membro da Comission de surveillance des r\u00e9seaux \u00e9lectriques da Comission d\u2019Hydraulique agricole. Presidiu ao Syndicat d\u2019initiative de Versailles et environs (entre 1911-13), \u00e0 Soci\u00e9t\u00e9 des Sciences morales de Versailles e \u00e0 Soci\u00e9t\u00e9 des Sciences m\u00e9dicales et naturelles de Versailles. Era detentor de cinco patentes relacionadas com fornos cer\u00e2micos e pastas de faian\u00e7a e gr\u00e9s. Recebeu v\u00e1rias medalhas, como a de ouro dos servi\u00e7os de higiene em 1911, de honra das epidemias em 1916, e a Grande medalha de Ouro da vila de Versalhes. Obteve in\u00fameros t\u00edtulos honor\u00edficos: da Legi\u00e3o de Honra, foi agraciado com Cavaleiro a 31 de janeiro de 1921 e de Oficial a 13 de janeiro de 1931; oficial da Acad\u00e9mie em 1877; Oficial de Le\u00e3o e do Sol da P\u00e9rsia; e Oficial de S\u00e3o Estanislau, da R\u00fassia.<\/div>\n<h1>&nbsp;<\/h1>\n<p><strong>Resumo da Monografia:<\/strong><\/p>\n<p style=\"text-align: justify\">Auscher pretende, atrav\u00e9s desta obra, educar o leitor com as ferramentas necess\u00e1rias e os elementos indispens\u00e1veis para a identifica\u00e7\u00e3o de porcelanas e faian\u00e7as (e gr\u00e9s, embora muito espor\u00e1dica) em antiqu\u00e1rios e em vendas p\u00fablicas. Come\u00e7a por indicar quais os elementos que o colecionador deve ter em aten\u00e7\u00e3o quando se dirige a um antiqu\u00e1rio, a saber forma, estilo, decora\u00e7\u00e3o, cores, marcas de fabrico, e a classifica\u00e7\u00e3o das mat\u00e9rias cer\u00e2micas, tendo dividido em duas grandes fam\u00edlias, as cer\u00e2micas opacas (terracotas, faian\u00e7as e gr\u00e9s) e as cer\u00e2micas transparentes (porcelana dura e moles). Seguidamente, divide a obra em duas partes, as porcelanas e as faian\u00e7as e gr\u00e9s, estas compartimentadas por pa\u00eds e respetivas f\u00e1bricas. Encontra-se refer\u00eancia a Portugal em ambas as partes (p. 249 e p. 465-66, respetivamente).<\/p>\n<h2>&nbsp;<\/h2>\n<p style=\"text-align: center\"><span style=\"font-size: 10pt\"><img loading=\"lazy\" decoding=\"async\" class=\"alignnone  wp-image-3898\" src=\"http:\/\/sites.ipleiria.pt\/projetocp2s\/files\/2019\/03\/1093_002-203x300.jpg\" alt=\"\" width=\"663\" height=\"979\" srcset=\"https:\/\/sites.ipleiria.pt\/projetocp2s\/files\/2019\/03\/1093_002-203x300.jpg 203w, https:\/\/sites.ipleiria.pt\/projetocp2s\/files\/2019\/03\/1093_002-768x1134.jpg 768w, https:\/\/sites.ipleiria.pt\/projetocp2s\/files\/2019\/03\/1093_002-694x1024.jpg 694w, https:\/\/sites.ipleiria.pt\/projetocp2s\/files\/2019\/03\/1093_002-7x10.jpg 7w, https:\/\/sites.ipleiria.pt\/projetocp2s\/files\/2019\/03\/1093_002-432x638.jpg 432w, https:\/\/sites.ipleiria.pt\/projetocp2s\/files\/2019\/03\/1093_002-396x585.jpg 396w, https:\/\/sites.ipleiria.pt\/projetocp2s\/files\/2019\/03\/1093_002-1120x1653.jpg 1120w, https:\/\/sites.ipleiria.pt\/projetocp2s\/files\/2019\/03\/1093_002-660x974.jpg 660w, https:\/\/sites.ipleiria.pt\/projetocp2s\/files\/2019\/03\/1093_002-149x220.jpg 149w, https:\/\/sites.ipleiria.pt\/projetocp2s\/files\/2019\/03\/1093_002.jpg 1527w\" sizes=\"auto, (max-width: 600px) 91vw, (max-width: 900px) 600px, (max-width: 1060px) 50vw, (max-width: 1200px) 520px, (max-width: 1400px) 43vw, 600px\" \/>&#8211;&nbsp;<\/span><span style=\"font-size: 12px\">AUSCHER, E. S. &#8211; <em>Comment reconna\u00eetre les porcelaines et les fa\u00efences d&#8217;apr\u00e8s leurs marques et leurs caract\u00e8res<\/em>. Paris: Librairie Garnier, [1914]. vii, 495 p.<\/span><\/p>\n<p>&nbsp;<\/p>\n","protected":false},"excerpt":{"rendered":"<p>Comment reconna\u00eetre les porcelaines et les fa\u00efences d&#8217;apr\u00e8s leurs marques et leurs caract\u00e8res &nbsp; Biografia do Autor: Ernest-Simon Auscher (21.06.1857 \u2013 10.12.1931) foi um engenheiro e ceramista franc\u00eas. Terminou o curso na \u00c9cole Centrale des Arts et Manufactures em 1879. Ao longo da sua vida profissional, desempenhou in\u00fameros pap\u00e9is, ligados a v\u00e1rias \u00e1reas do conhecimento. [&hellip;]<\/p>\n","protected":false},"author":4286,"featured_media":3898,"comment_status":"open","ping_status":"open","sticky":false,"template":"","format":"standard","meta":{"footnotes":""},"categories":[133170,110974,4072,111879,111886],"tags":[],"class_list":["post-3897","post","type-post","status-publish","format-standard","has-post-thumbnail","hentry","category-biblioteca-de-um-ceramista-industrial-1880-1980","category-centro-de-documentacao","category-exposicoes","category-monografias","category-nucleo-1-fabrica-de-faiancas-das-caldas-da-rainha-e-escola-industrial-caldense","entry-image--portrait"],"_links":{"self":[{"href":"https:\/\/sites.ipleiria.pt\/projetocp2s\/wp-json\/wp\/v2\/posts\/3897","targetHints":{"allow":["GET"]}}],"collection":[{"href":"https:\/\/sites.ipleiria.pt\/projetocp2s\/wp-json\/wp\/v2\/posts"}],"about":[{"href":"https:\/\/sites.ipleiria.pt\/projetocp2s\/wp-json\/wp\/v2\/types\/post"}],"author":[{"embeddable":true,"href":"https:\/\/sites.ipleiria.pt\/projetocp2s\/wp-json\/wp\/v2\/users\/4286"}],"replies":[{"embeddable":true,"href":"https:\/\/sites.ipleiria.pt\/projetocp2s\/wp-json\/wp\/v2\/comments?post=3897"}],"version-history":[{"count":2,"href":"https:\/\/sites.ipleiria.pt\/projetocp2s\/wp-json\/wp\/v2\/posts\/3897\/revisions"}],"predecessor-version":[{"id":4279,"href":"https:\/\/sites.ipleiria.pt\/projetocp2s\/wp-json\/wp\/v2\/posts\/3897\/revisions\/4279"}],"wp:featuredmedia":[{"embeddable":true,"href":"https:\/\/sites.ipleiria.pt\/projetocp2s\/wp-json\/wp\/v2\/media\/3898"}],"wp:attachment":[{"href":"https:\/\/sites.ipleiria.pt\/projetocp2s\/wp-json\/wp\/v2\/media?parent=3897"}],"wp:term":[{"taxonomy":"category","embeddable":true,"href":"https:\/\/sites.ipleiria.pt\/projetocp2s\/wp-json\/wp\/v2\/categories?post=3897"},{"taxonomy":"post_tag","embeddable":true,"href":"https:\/\/sites.ipleiria.pt\/projetocp2s\/wp-json\/wp\/v2\/tags?post=3897"}],"curies":[{"name":"wp","href":"https:\/\/api.w.org\/{rel}","templated":true}]}}