{"id":3909,"date":"2019-03-11T22:03:42","date_gmt":"2019-03-11T22:03:42","guid":{"rendered":"http:\/\/sites.ipleiria.pt\/projetocp2s\/?p=3909"},"modified":"2019-03-18T15:16:25","modified_gmt":"2019-03-18T15:16:25","slug":"faiences-francaises","status":"publish","type":"post","link":"https:\/\/sites.ipleiria.pt\/projetocp2s\/2019\/03\/11\/faiences-francaises\/","title":{"rendered":"Fa\u00efences fran\u00e7aises"},"content":{"rendered":"\n<blockquote>\n<p><span style=\"font-size: 14pt\"><em>Fa\u00efences<\/em> fran\u00e7aises<\/span><\/p>\n<\/blockquote>\n<div>\u00a0<\/div>\n<p><strong>Biografia do Autor:<\/strong><\/p>\n<div style=\"text-align: justify\">\n<p>Jeanne Giacomotti foi uma historiadora de arte e conservadora francesa que se especializou em cer\u00e2mica. Esteve ligada ao Mus\u00e9e du Louvre enquanto assistente (\u00e0 data de publica\u00e7\u00e3o da obra em exposi\u00e7\u00e3o at\u00e9, o mais tardar, 1987) e ao Mus\u00e9e national Adrien Dubouch\u00e9. Foi nomeada conservadora honor\u00e1ria dos Museus Nacionais de Fran\u00e7a, deduzindo-se que tenha sido gra\u00e7as \u00e0 sua vasta biografia ligada a museus e \u00e0 cer\u00e2mica. A sua produ\u00e7\u00e3o liter\u00e1ria engloba obra sobre a hist\u00f3ria da cer\u00e2mica, com enfoque na faian\u00e7a francesa (de destacar <em>Fa\u00efences fran\u00e7aises<\/em>, obra em exposi\u00e7\u00e3o) e mai\u00f3lica; cat\u00e1logos de cole\u00e7\u00f5es de museus e de exposi\u00e7\u00f5es de cer\u00e2mica; e artigos, com doze patentes na Encyclop\u00e6dia Universalis sobre cer\u00e2mica e artistas cer\u00e2micos (disponibilizados na p\u00e1gina Web da enciclop\u00e9dia).<\/p>\n<\/div>\n<h2>\u00a0<\/h2>\n<p style=\"text-align: center\"><span style=\"font-size: 10pt\"><img loading=\"lazy\" decoding=\"async\" class=\"alignnone  wp-image-3910\" src=\"http:\/\/sites.ipleiria.pt\/projetocp2s\/files\/2019\/03\/1209_003-260x300.jpg\" alt=\"\" width=\"700\" height=\"808\" srcset=\"https:\/\/sites.ipleiria.pt\/projetocp2s\/files\/2019\/03\/1209_003-260x300.jpg 260w, https:\/\/sites.ipleiria.pt\/projetocp2s\/files\/2019\/03\/1209_003-768x887.jpg 768w, https:\/\/sites.ipleiria.pt\/projetocp2s\/files\/2019\/03\/1209_003-887x1024.jpg 887w, https:\/\/sites.ipleiria.pt\/projetocp2s\/files\/2019\/03\/1209_003-432x499.jpg 432w, https:\/\/sites.ipleiria.pt\/projetocp2s\/files\/2019\/03\/1209_003-396x457.jpg 396w, https:\/\/sites.ipleiria.pt\/projetocp2s\/files\/2019\/03\/1209_003-1120x1293.jpg 1120w, https:\/\/sites.ipleiria.pt\/projetocp2s\/files\/2019\/03\/1209_003-660x762.jpg 660w, https:\/\/sites.ipleiria.pt\/projetocp2s\/files\/2019\/03\/1209_003-191x220.jpg 191w\" sizes=\"auto, (max-width: 600px) 91vw, (max-width: 900px) 600px, (max-width: 1060px) 50vw, (max-width: 1200px) 520px, (max-width: 1400px) 43vw, 600px\" \/> <img loading=\"lazy\" decoding=\"async\" class=\"alignnone  wp-image-3911\" src=\"http:\/\/sites.ipleiria.pt\/projetocp2s\/files\/2019\/03\/1209_004-266x300.jpg\" alt=\"\" width=\"748\" height=\"844\" srcset=\"https:\/\/sites.ipleiria.pt\/projetocp2s\/files\/2019\/03\/1209_004-266x300.jpg 266w, https:\/\/sites.ipleiria.pt\/projetocp2s\/files\/2019\/03\/1209_004-768x867.jpg 768w, https:\/\/sites.ipleiria.pt\/projetocp2s\/files\/2019\/03\/1209_004-907x1024.jpg 907w, https:\/\/sites.ipleiria.pt\/projetocp2s\/files\/2019\/03\/1209_004-10x10.jpg 10w, https:\/\/sites.ipleiria.pt\/projetocp2s\/files\/2019\/03\/1209_004-432x488.jpg 432w, https:\/\/sites.ipleiria.pt\/projetocp2s\/files\/2019\/03\/1209_004-396x447.jpg 396w, https:\/\/sites.ipleiria.pt\/projetocp2s\/files\/2019\/03\/1209_004-1120x1264.jpg 1120w, https:\/\/sites.ipleiria.pt\/projetocp2s\/files\/2019\/03\/1209_004-660x745.jpg 660w, https:\/\/sites.ipleiria.pt\/projetocp2s\/files\/2019\/03\/1209_004-195x220.jpg 195w\" sizes=\"auto, (max-width: 600px) 91vw, (max-width: 900px) 600px, (max-width: 1060px) 50vw, (max-width: 1200px) 520px, (max-width: 1400px) 43vw, 600px\" \/>\u00a0&#8211;\u00a0<\/span><span style=\"font-size: 12px\">GIACOMOTTI, Jeanne &#8211; <em>Fa\u00efences<\/em><em>\u00a0fran\u00e7aises<\/em>. Fribourg: Office du Livre, 1963. 262 p. (La biblioth\u00e8que de l&#8217;amateur)<\/span><\/p>\n<p>\u00a0<\/p>\n","protected":false},"excerpt":{"rendered":"<p>Fa\u00efences fran\u00e7aises \u00a0 Biografia do Autor: Jeanne Giacomotti foi uma historiadora de arte e conservadora francesa que se especializou em cer\u00e2mica. Esteve ligada ao Mus\u00e9e du Louvre enquanto assistente (\u00e0 data de publica\u00e7\u00e3o da obra em exposi\u00e7\u00e3o at\u00e9, o mais tardar, 1987) e ao Mus\u00e9e national Adrien Dubouch\u00e9. Foi nomeada conservadora honor\u00e1ria dos Museus Nacionais [&hellip;]<\/p>\n","protected":false},"author":4286,"featured_media":3910,"comment_status":"open","ping_status":"open","sticky":false,"template":"","format":"standard","meta":{"footnotes":""},"categories":[110974,111879],"tags":[],"class_list":["post-3909","post","type-post","status-publish","format-standard","has-post-thumbnail","hentry","category-centro-de-documentacao","category-monografias","entry-image--portrait"],"_links":{"self":[{"href":"https:\/\/sites.ipleiria.pt\/projetocp2s\/wp-json\/wp\/v2\/posts\/3909","targetHints":{"allow":["GET"]}}],"collection":[{"href":"https:\/\/sites.ipleiria.pt\/projetocp2s\/wp-json\/wp\/v2\/posts"}],"about":[{"href":"https:\/\/sites.ipleiria.pt\/projetocp2s\/wp-json\/wp\/v2\/types\/post"}],"author":[{"embeddable":true,"href":"https:\/\/sites.ipleiria.pt\/projetocp2s\/wp-json\/wp\/v2\/users\/4286"}],"replies":[{"embeddable":true,"href":"https:\/\/sites.ipleiria.pt\/projetocp2s\/wp-json\/wp\/v2\/comments?post=3909"}],"version-history":[{"count":3,"href":"https:\/\/sites.ipleiria.pt\/projetocp2s\/wp-json\/wp\/v2\/posts\/3909\/revisions"}],"predecessor-version":[{"id":4276,"href":"https:\/\/sites.ipleiria.pt\/projetocp2s\/wp-json\/wp\/v2\/posts\/3909\/revisions\/4276"}],"wp:featuredmedia":[{"embeddable":true,"href":"https:\/\/sites.ipleiria.pt\/projetocp2s\/wp-json\/wp\/v2\/media\/3910"}],"wp:attachment":[{"href":"https:\/\/sites.ipleiria.pt\/projetocp2s\/wp-json\/wp\/v2\/media?parent=3909"}],"wp:term":[{"taxonomy":"category","embeddable":true,"href":"https:\/\/sites.ipleiria.pt\/projetocp2s\/wp-json\/wp\/v2\/categories?post=3909"},{"taxonomy":"post_tag","embeddable":true,"href":"https:\/\/sites.ipleiria.pt\/projetocp2s\/wp-json\/wp\/v2\/tags?post=3909"}],"curies":[{"name":"wp","href":"https:\/\/api.w.org\/{rel}","templated":true}]}}