{"id":3913,"date":"2019-03-11T22:08:22","date_gmt":"2019-03-11T22:08:22","guid":{"rendered":"http:\/\/sites.ipleiria.pt\/projetocp2s\/?p=3913"},"modified":"2019-03-18T15:15:36","modified_gmt":"2019-03-18T15:15:36","slug":"la-ceramique","status":"publish","type":"post","link":"https:\/\/sites.ipleiria.pt\/projetocp2s\/2019\/03\/11\/la-ceramique\/","title":{"rendered":"La Cer\u00e1mique"},"content":{"rendered":"\n<blockquote>\n<p><span style=\"font-size: 14pt\">La Cer\u00e1mique: Dictionnaire encyclop\u00e9dique<\/span><\/p>\n<\/blockquote>\n<div>\u00a0<\/div>\n<p><strong>Biografia do Autor:<\/strong><\/p>\n<div style=\"text-align: justify\">\n<p>Jean-Paul van Lith (22.03.1940 &#8211; \u2026) foi um escultor de cer\u00e2mica e vidro franc\u00eas. Estudou cer\u00e2mica na \u00e9cole d\u2019arts appliqu\u00e9s \u00e0 l\u2019industrie de Paris (atual \u00c9cole Duperr\u00e9). Em 1962, muda-se para Biot (Alpes Mar\u00edtimos), onde vive e trabalha atualmente. Trabalhou com o mestre vidreiro Jean-Claude Novaro entre 1979 a 1981. Enquanto artista, com clara predile\u00e7\u00e3o pela cer\u00e2mica e pelo vidro, e em colabora\u00e7\u00e3o com a Manufacture nationale de S\u00e8vres, fez tr\u00eas decora\u00e7\u00f5es para pratos e um prato em porcelana em 1984. Contudo, tamb\u00e9m experimentou pintura, artes gr\u00e1ficas e designer de mobili\u00e1rio, com uma produ\u00e7\u00e3o de menor express\u00e3o. Na sua carreira profissional, acumulou cerca de 900 exposi\u00e7\u00e3o, individuais e coletivas. Foi-lhe feita uma retrospetiva intitulada <em>De l&#8217;or et du feu : Re\u0301trospective Jean-Paul van Lith: ce\u0301ramique et verre (1957-1991)<\/em>, que esteve patente no \u00a0Mus\u00e9e national de c\u00e9ramique de S\u00e8vres entre 2 de outubro a 30 de dezembro de 1991. \u00c9 autor de dois dicion\u00e1rios, sobre cer\u00e2mica intitulado <em>La c\u00e9ramique: dictionnaire encyclop\u00e9dique<\/em> (obra em exposi\u00e7\u00e3o) e sobre vidro intitulado <em>Dictionnaire du verre: tradition et patrimoine<\/em>, assim como uma obra sobre arame e lata intitulada <em>Fil de fer &amp; ferblanterie<\/em>. Foi nomeado Cavaleiro da Ordre des Arts et des Lettres em 1985.<\/p>\n<\/div>\n<h2>\u00a0<\/h2>\n<p style=\"text-align: center\"><span style=\"font-size: 10pt\"><img loading=\"lazy\" decoding=\"async\" class=\"alignnone  wp-image-3914\" src=\"http:\/\/sites.ipleiria.pt\/projetocp2s\/files\/2019\/03\/1209_005-221x300.jpg\" alt=\"\" width=\"632\" height=\"858\" srcset=\"https:\/\/sites.ipleiria.pt\/projetocp2s\/files\/2019\/03\/1209_005-221x300.jpg 221w, https:\/\/sites.ipleiria.pt\/projetocp2s\/files\/2019\/03\/1209_005-768x1041.jpg 768w, https:\/\/sites.ipleiria.pt\/projetocp2s\/files\/2019\/03\/1209_005-755x1024.jpg 755w, https:\/\/sites.ipleiria.pt\/projetocp2s\/files\/2019\/03\/1209_005-7x10.jpg 7w, https:\/\/sites.ipleiria.pt\/projetocp2s\/files\/2019\/03\/1209_005-432x586.jpg 432w, https:\/\/sites.ipleiria.pt\/projetocp2s\/files\/2019\/03\/1209_005-396x537.jpg 396w, https:\/\/sites.ipleiria.pt\/projetocp2s\/files\/2019\/03\/1209_005-1120x1518.jpg 1120w, https:\/\/sites.ipleiria.pt\/projetocp2s\/files\/2019\/03\/1209_005-660x895.jpg 660w, https:\/\/sites.ipleiria.pt\/projetocp2s\/files\/2019\/03\/1209_005-162x220.jpg 162w\" sizes=\"auto, (max-width: 600px) 91vw, (max-width: 900px) 600px, (max-width: 1060px) 50vw, (max-width: 1200px) 520px, (max-width: 1400px) 43vw, 600px\" \/> <img loading=\"lazy\" decoding=\"async\" class=\"alignnone  wp-image-3915\" src=\"http:\/\/sites.ipleiria.pt\/projetocp2s\/files\/2019\/03\/1209_006-218x300.jpg\" alt=\"\" width=\"672\" height=\"925\" srcset=\"https:\/\/sites.ipleiria.pt\/projetocp2s\/files\/2019\/03\/1209_006-218x300.jpg 218w, https:\/\/sites.ipleiria.pt\/projetocp2s\/files\/2019\/03\/1209_006-768x1058.jpg 768w, https:\/\/sites.ipleiria.pt\/projetocp2s\/files\/2019\/03\/1209_006-744x1024.jpg 744w, https:\/\/sites.ipleiria.pt\/projetocp2s\/files\/2019\/03\/1209_006-7x10.jpg 7w, https:\/\/sites.ipleiria.pt\/projetocp2s\/files\/2019\/03\/1209_006-432x595.jpg 432w, https:\/\/sites.ipleiria.pt\/projetocp2s\/files\/2019\/03\/1209_006-396x545.jpg 396w, https:\/\/sites.ipleiria.pt\/projetocp2s\/files\/2019\/03\/1209_006-1120x1542.jpg 1120w, https:\/\/sites.ipleiria.pt\/projetocp2s\/files\/2019\/03\/1209_006-660x909.jpg 660w, https:\/\/sites.ipleiria.pt\/projetocp2s\/files\/2019\/03\/1209_006-160x220.jpg 160w\" sizes=\"auto, (max-width: 600px) 91vw, (max-width: 900px) 600px, (max-width: 1060px) 50vw, (max-width: 1200px) 520px, (max-width: 1400px) 43vw, 600px\" \/>\u00a0\u00a0&#8211;\u00a0<\/span><span style=\"font-size: 12px\">LITH, Jean-Paul van &#8211; <em>La Cer\u00e1mique : Dictionnaire encyclop\u00e9dique<\/em>. [Paris]: \u00c9ditions de l&#8217;Amateur, 2000. 459 p. ISBN 2-85917-299-8<\/span><\/p>\n<p>\u00a0<\/p>\n","protected":false},"excerpt":{"rendered":"<p>La Cer\u00e1mique: Dictionnaire encyclop\u00e9dique \u00a0 Biografia do Autor: Jean-Paul van Lith (22.03.1940 &#8211; \u2026) foi um escultor de cer\u00e2mica e vidro franc\u00eas. Estudou cer\u00e2mica na \u00e9cole d\u2019arts appliqu\u00e9s \u00e0 l\u2019industrie de Paris (atual \u00c9cole Duperr\u00e9). Em 1962, muda-se para Biot (Alpes Mar\u00edtimos), onde vive e trabalha atualmente. Trabalhou com o mestre vidreiro Jean-Claude Novaro entre [&hellip;]<\/p>\n","protected":false},"author":4286,"featured_media":3914,"comment_status":"open","ping_status":"open","sticky":false,"template":"","format":"standard","meta":{"footnotes":""},"categories":[110974,111879],"tags":[],"class_list":["post-3913","post","type-post","status-publish","format-standard","has-post-thumbnail","hentry","category-centro-de-documentacao","category-monografias","entry-image--portrait"],"_links":{"self":[{"href":"https:\/\/sites.ipleiria.pt\/projetocp2s\/wp-json\/wp\/v2\/posts\/3913","targetHints":{"allow":["GET"]}}],"collection":[{"href":"https:\/\/sites.ipleiria.pt\/projetocp2s\/wp-json\/wp\/v2\/posts"}],"about":[{"href":"https:\/\/sites.ipleiria.pt\/projetocp2s\/wp-json\/wp\/v2\/types\/post"}],"author":[{"embeddable":true,"href":"https:\/\/sites.ipleiria.pt\/projetocp2s\/wp-json\/wp\/v2\/users\/4286"}],"replies":[{"embeddable":true,"href":"https:\/\/sites.ipleiria.pt\/projetocp2s\/wp-json\/wp\/v2\/comments?post=3913"}],"version-history":[{"count":3,"href":"https:\/\/sites.ipleiria.pt\/projetocp2s\/wp-json\/wp\/v2\/posts\/3913\/revisions"}],"predecessor-version":[{"id":4274,"href":"https:\/\/sites.ipleiria.pt\/projetocp2s\/wp-json\/wp\/v2\/posts\/3913\/revisions\/4274"}],"wp:featuredmedia":[{"embeddable":true,"href":"https:\/\/sites.ipleiria.pt\/projetocp2s\/wp-json\/wp\/v2\/media\/3914"}],"wp:attachment":[{"href":"https:\/\/sites.ipleiria.pt\/projetocp2s\/wp-json\/wp\/v2\/media?parent=3913"}],"wp:term":[{"taxonomy":"category","embeddable":true,"href":"https:\/\/sites.ipleiria.pt\/projetocp2s\/wp-json\/wp\/v2\/categories?post=3913"},{"taxonomy":"post_tag","embeddable":true,"href":"https:\/\/sites.ipleiria.pt\/projetocp2s\/wp-json\/wp\/v2\/tags?post=3913"}],"curies":[{"name":"wp","href":"https:\/\/api.w.org\/{rel}","templated":true}]}}