{"id":3929,"date":"2019-03-11T23:01:07","date_gmt":"2019-03-11T23:01:07","guid":{"rendered":"http:\/\/sites.ipleiria.pt\/projetocp2s\/?p=3929"},"modified":"2019-03-22T17:32:24","modified_gmt":"2019-03-22T17:32:24","slug":"ciencia-e-tecnologia-dos-materiais","status":"publish","type":"post","link":"https:\/\/sites.ipleiria.pt\/projetocp2s\/2019\/03\/11\/ciencia-e-tecnologia-dos-materiais\/","title":{"rendered":"Ci\u00eancia e Tecnologia dos Materiais"},"content":{"rendered":"\n<blockquote>\n<p><span style=\"font-size: 14pt\">Ci\u00eancia e Tecnologia dos Materiais<\/span><\/p>\n<\/blockquote>\n<div>\u00a0<\/div>\n<div style=\"text-align: justify\">\n<p><strong>Resumo da Monografia:<\/strong><\/p>\n<\/div>\n<p style=\"text-align: justify\">Este cap\u00edtulo aborda a ci\u00eancia e tecnologia dos materiais cer\u00e2micos. Inserida numa obra que tem como objetivos fornecer um livro com informa\u00e7\u00e3o essencial para a forma\u00e7\u00e3o dos alunos em engenharia dos materiais e servir de guia para a sua vida acad\u00e9mica e profissional, foca-se nos pr\u00f3prios materiais, e n\u00e3o no seu fabrico: decorre-se sobre a classifica\u00e7\u00e3o, as principais mat\u00e9rias-primas dessa ind\u00fastria, os fen\u00f3menos f\u00edsicos e qu\u00edmicos decorrentes da cozedura das pastas cer\u00e2micas, e as propriedades dos materiais.<\/p>\n<h2>\u00a0<\/h2>\n<p style=\"text-align: center\"><span style=\"font-size: 10pt\"><span style=\"font-size: 12px\"><img loading=\"lazy\" decoding=\"async\" class=\"alignnone  wp-image-3930\" src=\"http:\/\/sites.ipleiria.pt\/projetocp2s\/files\/2019\/03\/1201_003-210x300.jpg\" alt=\"\" width=\"630\" height=\"900\" srcset=\"https:\/\/sites.ipleiria.pt\/projetocp2s\/files\/2019\/03\/1201_003-210x300.jpg 210w, https:\/\/sites.ipleiria.pt\/projetocp2s\/files\/2019\/03\/1201_003-768x1097.jpg 768w, https:\/\/sites.ipleiria.pt\/projetocp2s\/files\/2019\/03\/1201_003-717x1024.jpg 717w, https:\/\/sites.ipleiria.pt\/projetocp2s\/files\/2019\/03\/1201_003-7x10.jpg 7w, https:\/\/sites.ipleiria.pt\/projetocp2s\/files\/2019\/03\/1201_003-432x617.jpg 432w, https:\/\/sites.ipleiria.pt\/projetocp2s\/files\/2019\/03\/1201_003-396x565.jpg 396w, https:\/\/sites.ipleiria.pt\/projetocp2s\/files\/2019\/03\/1201_003-1120x1599.jpg 1120w, https:\/\/sites.ipleiria.pt\/projetocp2s\/files\/2019\/03\/1201_003-660x942.jpg 660w, https:\/\/sites.ipleiria.pt\/projetocp2s\/files\/2019\/03\/1201_003-154x220.jpg 154w, https:\/\/sites.ipleiria.pt\/projetocp2s\/files\/2019\/03\/1201_003.jpg 1895w\" sizes=\"auto, (max-width: 600px) 91vw, (max-width: 900px) 600px, (max-width: 1060px) 50vw, (max-width: 1200px) 520px, (max-width: 1400px) 43vw, 600px\" \/>&#8211;\u00a0<\/span><\/span><span style=\"font-size: 12px\">SILVA, F. Lencart &#8211; Os materiais cer\u00e2micos. In UNIVERSIDADE DE TR\u00c1S-OS-MONTES E ALTO DOURO &#8211; <em>Ci\u00eancia e Tecnologia dos Materiais<\/em>. [S.l.]: Universidade de Tr\u00e1s-os-Montes e Alto Douro, 1988. p. 501-548<\/span><\/p>\n<p>\u00a0<\/p>\n","protected":false},"excerpt":{"rendered":"<p>Ci\u00eancia e Tecnologia dos Materiais \u00a0 Resumo da Monografia: Este cap\u00edtulo aborda a ci\u00eancia e tecnologia dos materiais cer\u00e2micos. Inserida numa obra que tem como objetivos fornecer um livro com informa\u00e7\u00e3o essencial para a forma\u00e7\u00e3o dos alunos em engenharia dos materiais e servir de guia para a sua vida acad\u00e9mica e profissional, foca-se nos pr\u00f3prios [&hellip;]<\/p>\n","protected":false},"author":4286,"featured_media":3930,"comment_status":"open","ping_status":"open","sticky":false,"template":"","format":"standard","meta":{"footnotes":""},"categories":[133170,110974,29315,4072,111879,111889],"tags":[],"class_list":["post-3929","post","type-post","status-publish","format-standard","has-post-thumbnail","hentry","category-biblioteca-de-um-ceramista-industrial-1880-1980","category-centro-de-documentacao","category-esad-cr","category-exposicoes","category-monografias","category-nucleo-4-as-novas-escolas-cencal-esad-ipt","entry-image--portrait"],"_links":{"self":[{"href":"https:\/\/sites.ipleiria.pt\/projetocp2s\/wp-json\/wp\/v2\/posts\/3929","targetHints":{"allow":["GET"]}}],"collection":[{"href":"https:\/\/sites.ipleiria.pt\/projetocp2s\/wp-json\/wp\/v2\/posts"}],"about":[{"href":"https:\/\/sites.ipleiria.pt\/projetocp2s\/wp-json\/wp\/v2\/types\/post"}],"author":[{"embeddable":true,"href":"https:\/\/sites.ipleiria.pt\/projetocp2s\/wp-json\/wp\/v2\/users\/4286"}],"replies":[{"embeddable":true,"href":"https:\/\/sites.ipleiria.pt\/projetocp2s\/wp-json\/wp\/v2\/comments?post=3929"}],"version-history":[{"count":3,"href":"https:\/\/sites.ipleiria.pt\/projetocp2s\/wp-json\/wp\/v2\/posts\/3929\/revisions"}],"predecessor-version":[{"id":4801,"href":"https:\/\/sites.ipleiria.pt\/projetocp2s\/wp-json\/wp\/v2\/posts\/3929\/revisions\/4801"}],"wp:featuredmedia":[{"embeddable":true,"href":"https:\/\/sites.ipleiria.pt\/projetocp2s\/wp-json\/wp\/v2\/media\/3930"}],"wp:attachment":[{"href":"https:\/\/sites.ipleiria.pt\/projetocp2s\/wp-json\/wp\/v2\/media?parent=3929"}],"wp:term":[{"taxonomy":"category","embeddable":true,"href":"https:\/\/sites.ipleiria.pt\/projetocp2s\/wp-json\/wp\/v2\/categories?post=3929"},{"taxonomy":"post_tag","embeddable":true,"href":"https:\/\/sites.ipleiria.pt\/projetocp2s\/wp-json\/wp\/v2\/tags?post=3929"}],"curies":[{"name":"wp","href":"https:\/\/api.w.org\/{rel}","templated":true}]}}