{"id":3936,"date":"2019-03-11T23:11:56","date_gmt":"2019-03-11T23:11:56","guid":{"rendered":"http:\/\/sites.ipleiria.pt\/projetocp2s\/?p=3936"},"modified":"2019-03-22T17:36:48","modified_gmt":"2019-03-22T17:36:48","slug":"introducao-a-ciencia-e-tecnologia-dos-materiais-ceramicos","status":"publish","type":"post","link":"https:\/\/sites.ipleiria.pt\/projetocp2s\/2019\/03\/11\/introducao-a-ciencia-e-tecnologia-dos-materiais-ceramicos\/","title":{"rendered":"Introdu\u00e7\u00e3o \u00e0 Ci\u00eancia e Tecnologia dos Materiais Cer\u00e2micos"},"content":{"rendered":"\n<blockquote>\n<p><span style=\"font-size: 14pt\">Introdu\u00e7\u00e3o \u00e0 Ci\u00eancia e Tecnologia dos Materiais Cer\u00e2micos: segundo as aulas do Prof. Lopes Baptista e do Dr. Darlindo Lucas<\/span><\/p>\n<\/blockquote>\n<p>\u00a0<\/p>\n<p><strong>Resumo da Monografia:<\/strong><\/p>\n<p style=\"text-align: justify\">Esta sebenta decorre da disciplina de Introdu\u00e7\u00e3o \u00e0 Ci\u00eancia e Tecnologia dos Materiais Cer\u00e2micos, lecionada pelo Prof. Lopes Baptista e pelo Dr. Darlindo Lucas, no curso de Engenharia Cer\u00e2mica, do Departamento de Engenharia Cer\u00e2mica e do Vidro (atualmente Departamento de Engenharia de Materiais e Cer\u00e2mica). Pretende explicar aos alunos o processamento e propriedades dos materiais cer\u00e2micos (a ci\u00eancia), assim como a conce\u00e7\u00e3o, desenvolvimento, produ\u00e7\u00e3o e aplica\u00e7\u00e3o desses materiais (a tecnologia, ligada \u00e0 engenharia cer\u00e2mica).<\/p>\n<h2>\u00a0<\/h2>\n<p style=\"text-align: center\"><span style=\"font-size: 10pt\"><span style=\"font-size: 12px\"><img loading=\"lazy\" decoding=\"async\" class=\"alignnone  wp-image-3937\" src=\"http:\/\/sites.ipleiria.pt\/projetocp2s\/files\/2019\/03\/1201_005-210x300.jpg\" alt=\"\" width=\"688\" height=\"983\" srcset=\"https:\/\/sites.ipleiria.pt\/projetocp2s\/files\/2019\/03\/1201_005-210x300.jpg 210w, https:\/\/sites.ipleiria.pt\/projetocp2s\/files\/2019\/03\/1201_005-768x1098.jpg 768w, https:\/\/sites.ipleiria.pt\/projetocp2s\/files\/2019\/03\/1201_005-716x1024.jpg 716w, https:\/\/sites.ipleiria.pt\/projetocp2s\/files\/2019\/03\/1201_005-7x10.jpg 7w, https:\/\/sites.ipleiria.pt\/projetocp2s\/files\/2019\/03\/1201_005-432x617.jpg 432w, https:\/\/sites.ipleiria.pt\/projetocp2s\/files\/2019\/03\/1201_005-396x566.jpg 396w, https:\/\/sites.ipleiria.pt\/projetocp2s\/files\/2019\/03\/1201_005-1120x1601.jpg 1120w, https:\/\/sites.ipleiria.pt\/projetocp2s\/files\/2019\/03\/1201_005-660x943.jpg 660w, https:\/\/sites.ipleiria.pt\/projetocp2s\/files\/2019\/03\/1201_005-154x220.jpg 154w\" sizes=\"auto, (max-width: 600px) 91vw, (max-width: 900px) 600px, (max-width: 1060px) 50vw, (max-width: 1200px) 520px, (max-width: 1400px) 43vw, 600px\" \/>&#8211;\u00a0<\/span><\/span><span style=\"font-size: 12px\"><em>Introdu\u00e7\u00e3o \u00e0 Ci\u00eancia e Tecnologia dos Materiais Cer\u00e2micos: segundo as aulas do Prof. Lopes Baptista e do Dr. Darlindo Lucas<\/em>. [Aveiro: Universidade. Departamento de Engenharia Cer\u00e2mica e do Vidro, 1990]. 124 p.<\/span><\/p>\n<p>\u00a0<\/p>\n","protected":false},"excerpt":{"rendered":"<p>Introdu\u00e7\u00e3o \u00e0 Ci\u00eancia e Tecnologia dos Materiais Cer\u00e2micos: segundo as aulas do Prof. Lopes Baptista e do Dr. Darlindo Lucas \u00a0 Resumo da Monografia: Esta sebenta decorre da disciplina de Introdu\u00e7\u00e3o \u00e0 Ci\u00eancia e Tecnologia dos Materiais Cer\u00e2micos, lecionada pelo Prof. Lopes Baptista e pelo Dr. Darlindo Lucas, no curso de Engenharia Cer\u00e2mica, do Departamento [&hellip;]<\/p>\n","protected":false},"author":4286,"featured_media":3937,"comment_status":"open","ping_status":"open","sticky":false,"template":"","format":"standard","meta":{"footnotes":""},"categories":[133170,110974,29315,4072,111879,111889],"tags":[],"class_list":["post-3936","post","type-post","status-publish","format-standard","has-post-thumbnail","hentry","category-biblioteca-de-um-ceramista-industrial-1880-1980","category-centro-de-documentacao","category-esad-cr","category-exposicoes","category-monografias","category-nucleo-4-as-novas-escolas-cencal-esad-ipt","entry-image--portrait"],"_links":{"self":[{"href":"https:\/\/sites.ipleiria.pt\/projetocp2s\/wp-json\/wp\/v2\/posts\/3936","targetHints":{"allow":["GET"]}}],"collection":[{"href":"https:\/\/sites.ipleiria.pt\/projetocp2s\/wp-json\/wp\/v2\/posts"}],"about":[{"href":"https:\/\/sites.ipleiria.pt\/projetocp2s\/wp-json\/wp\/v2\/types\/post"}],"author":[{"embeddable":true,"href":"https:\/\/sites.ipleiria.pt\/projetocp2s\/wp-json\/wp\/v2\/users\/4286"}],"replies":[{"embeddable":true,"href":"https:\/\/sites.ipleiria.pt\/projetocp2s\/wp-json\/wp\/v2\/comments?post=3936"}],"version-history":[{"count":4,"href":"https:\/\/sites.ipleiria.pt\/projetocp2s\/wp-json\/wp\/v2\/posts\/3936\/revisions"}],"predecessor-version":[{"id":4803,"href":"https:\/\/sites.ipleiria.pt\/projetocp2s\/wp-json\/wp\/v2\/posts\/3936\/revisions\/4803"}],"wp:featuredmedia":[{"embeddable":true,"href":"https:\/\/sites.ipleiria.pt\/projetocp2s\/wp-json\/wp\/v2\/media\/3937"}],"wp:attachment":[{"href":"https:\/\/sites.ipleiria.pt\/projetocp2s\/wp-json\/wp\/v2\/media?parent=3936"}],"wp:term":[{"taxonomy":"category","embeddable":true,"href":"https:\/\/sites.ipleiria.pt\/projetocp2s\/wp-json\/wp\/v2\/categories?post=3936"},{"taxonomy":"post_tag","embeddable":true,"href":"https:\/\/sites.ipleiria.pt\/projetocp2s\/wp-json\/wp\/v2\/tags?post=3936"}],"curies":[{"name":"wp","href":"https:\/\/api.w.org\/{rel}","templated":true}]}}