{"id":3940,"date":"2019-03-11T23:27:59","date_gmt":"2019-03-11T23:27:59","guid":{"rendered":"http:\/\/sites.ipleiria.pt\/projetocp2s\/?p=3940"},"modified":"2019-03-19T18:56:58","modified_gmt":"2019-03-19T18:56:58","slug":"elementos-de-quimica","status":"publish","type":"post","link":"https:\/\/sites.ipleiria.pt\/projetocp2s\/2019\/03\/11\/elementos-de-quimica\/","title":{"rendered":"Elementos de Qu\u00edmica"},"content":{"rendered":"\n<blockquote>\n<p><span style=\"font-size: 14pt\">Elementos de Qu\u00edmica: III Classe<\/span><\/p>\n<\/blockquote>\n<div>\u00a0<\/div>\n<p><strong>Biografia do Autor:<\/strong><\/p>\n<div style=\"text-align: justify\">\n<p>Aquiles Alfredo da Silveira Machado (25.12.1862 \u2013 14.11.1942) foi um qu\u00edmico e professor portugu\u00eas. Iniciou os seus estudos no Col\u00e9gio Europeu e posteriormente no Col\u00e9gio Parisiense, onde ao fim de tr\u00eas anos concluiu os preparat\u00f3rios, tendo obtido distin\u00e7\u00e3o nos exames de F\u00edsica, Qu\u00edmica e Introdu\u00e7\u00e3o \u00e0 Hist\u00f3ria Natural. Em 1880, ingressou na Escola Polit\u00e9cnica, graduando-se em Engenharia, ao mesmo tempo que assentava pra\u00e7a no regimento de Ca\u00e7adores 5. No decurso da sua carreira como engenheiro militar (na qual atingiu o posto de general), \u00e9 de salientar a sua contribui\u00e7\u00e3o no projeto e constru\u00e7\u00e3o da estrada militar com linha f\u00e9rrea, entre a esta\u00e7\u00e3o de caminho de ferro de Oeiras e o forte de S\u00e3o Juli\u00e3o da Barra, bem como na constru\u00e7\u00e3o das baterias de Alpena e S\u00e3o Gon\u00e7alo. Em 1896, foi nomeado lente propriet\u00e1rio da 6\u00aa Cadeira (Qu\u00edmica) na Escola Polit\u00e9cnica, tendo as suas provas consistido na apresenta\u00e7\u00e3o da disserta\u00e7\u00e3o \u201cPropriedades Coligativas das Solu\u00e7\u00f5es\u201d e em duas li\u00e7\u00f5es sobre \u201cCarbonilos Met\u00e1licos\u201d e \u201c\u00c1cidos Org\u00e2nicos\u201d. Jubilou em 1932. Entre os diversos cargos p\u00fablicos para que foi nomeado, salientam-se os de Qu\u00edmico-analista e vogal efetivo do Conselho M\u00e9dico-legal de Lisboa, desde que se criou a Morgue de Lisboa em 1899; Vogal do Conselho Superior de Instru\u00e7\u00e3o P\u00fablica e do Conselho Superior do Com\u00e9rcio e Ind\u00fastria; Vice-presidente da Comiss\u00e3o t\u00e9cnica dos m\u00e9todos anal\u00edticos oficiais; e Presidente de numerosos j\u00faris de exames de Liceu, exames de acesso ao Magist\u00e9rio secund\u00e1rio e exames de Estado. Foi nomeado s\u00f3cio correspondente da Academia de Ci\u00eancias de Lisboa em 1897, tendo passado a s\u00f3cio efetivo em 1906. Nesta institui\u00e7\u00e3o, desempenhou diversos cargos diretivos, como Secret\u00e1rio Geral da Academia (de 1929 at\u00e9 1933, data em que atingiu o limite de idade), Secret\u00e1rio Geral Honor\u00e1rio a partir de 1933, e por fim Presidente no ano de 1936. Como representante do governo Portugu\u00eas assinou em Paris, em 1932, a Conven\u00e7\u00e3o para a Constitui\u00e7\u00e3o do \u201cOffice Internationale de Chimie\u201d, do qual foi eleito Vice-presidente na 1\u00aa sess\u00e3o de trabalhos. Entre 1934 e 1937, foi eleito Presidente desta institui\u00e7\u00e3o. Os seus trabalhos de investiga\u00e7\u00e3o foram sobretudo sobre Qu\u00edmica-F\u00edsica e Qu\u00edmica Anal\u00edtica, tendo publicado cerca de 30 artigos cient\u00edficos. A voca\u00e7\u00e3o para o ensino demonstrada por Aquiles Machado desde o in\u00edcio da sua carreira docente refletiu-se nos manuais que escreveu e que marcaram uma \u00e9poca no ensino da Qu\u00edmica em Portugal: publicou uma vasta obra de textos de apoio \u00e0s cadeiras que lecionava na Faculdade e comp\u00eandios para o ensino da Qu\u00edmica no ensino secund\u00e1rio, por exemplo<em> Elementos de Qu\u00edmica : III Classe <\/em>(obra em exposi\u00e7\u00e3o). Fundou a <em>Revista de Chimica Pura e Applicada<\/em> e a Sociedade Chimica Portugueza, sendo inicialmente Vice-presidente e passando a Presidente a partir de 1933 at\u00e9 \u00e0 data do seu falecimento. Recebeu ainda in\u00fameras condecora\u00e7\u00f5es: Gr\u00e3-Cruz de Santiago da Espada e a Gr\u00e3-Cruz da Ordem da Instru\u00e7\u00e3o P\u00fablica para al\u00e9m da Comenda da Legi\u00e3o de Honra.<\/p>\n<\/div>\n<h2>\u00a0<\/h2>\n<p><strong>Resumo da Monografia:<\/strong><\/p>\n<p style=\"text-align: justify\">Integrando-se numa s\u00e9rie de cinco partes, cada uma relativa a uma classe do ensino secund\u00e1rio oficial (aprovado pelo Conselho Superior de Instru\u00e7\u00e3o P\u00fablica do Estado portugu\u00eas), o presente manual corresponde \u00e0 primeira parte, dirigida \u00e0 3\u00aa classe. Pretende capacitar os alunos de qu\u00edmica com as informa\u00e7\u00f5es b\u00e1sicas sobre a composi\u00e7\u00e3o do ar e da \u00e1gua, generalidades da qu\u00edmica, as propriedades f\u00edsicas dos metais e metaloides, as Leis de Lavoisier e de Proust, os s\u00edmbolos dos elementos, as f\u00f3rmulas e composi\u00e7\u00f5es qu\u00edmicas b\u00e1sicas, e o estudo do hidrog\u00e9nio, oxig\u00e9nio, azoto, ar, ar atmosf\u00e9rico e \u00e1gua.<\/p>\n<h2>\u00a0<\/h2>\n<p style=\"text-align: center\"><span style=\"font-size: 10pt\"><span style=\"font-size: 12px\"><img loading=\"lazy\" decoding=\"async\" class=\"alignnone  wp-image-3941\" src=\"http:\/\/sites.ipleiria.pt\/projetocp2s\/files\/2019\/03\/1208_001-212x300.jpg\" alt=\"\" width=\"675\" height=\"955\" srcset=\"https:\/\/sites.ipleiria.pt\/projetocp2s\/files\/2019\/03\/1208_001-212x300.jpg 212w, https:\/\/sites.ipleiria.pt\/projetocp2s\/files\/2019\/03\/1208_001-768x1086.jpg 768w, https:\/\/sites.ipleiria.pt\/projetocp2s\/files\/2019\/03\/1208_001-724x1024.jpg 724w, https:\/\/sites.ipleiria.pt\/projetocp2s\/files\/2019\/03\/1208_001-7x10.jpg 7w, https:\/\/sites.ipleiria.pt\/projetocp2s\/files\/2019\/03\/1208_001-432x611.jpg 432w, https:\/\/sites.ipleiria.pt\/projetocp2s\/files\/2019\/03\/1208_001-396x560.jpg 396w, https:\/\/sites.ipleiria.pt\/projetocp2s\/files\/2019\/03\/1208_001-1120x1584.jpg 1120w, https:\/\/sites.ipleiria.pt\/projetocp2s\/files\/2019\/03\/1208_001-660x933.jpg 660w, https:\/\/sites.ipleiria.pt\/projetocp2s\/files\/2019\/03\/1208_001-156x220.jpg 156w, https:\/\/sites.ipleiria.pt\/projetocp2s\/files\/2019\/03\/1208_001.jpg 1689w\" sizes=\"auto, (max-width: 600px) 91vw, (max-width: 900px) 600px, (max-width: 1060px) 50vw, (max-width: 1200px) 520px, (max-width: 1400px) 43vw, 600px\" \/>&#8211;\u00a0<\/span><\/span><span style=\"font-size: 12px\">MACHADO, Aquiles &#8211; <em>Elementos de Qu\u00edmica : III Classe<\/em>. Lisboa: Imprensa Libanio da Silva, 1914. 92 p. (Ensino secund\u00e1rio oficial). Cont\u00e9m a I Parte<\/span><\/p>\n<p>\u00a0<\/p>\n","protected":false},"excerpt":{"rendered":"<p>Elementos de Qu\u00edmica: III Classe \u00a0 Biografia do Autor: Aquiles Alfredo da Silveira Machado (25.12.1862 \u2013 14.11.1942) foi um qu\u00edmico e professor portugu\u00eas. Iniciou os seus estudos no Col\u00e9gio Europeu e posteriormente no Col\u00e9gio Parisiense, onde ao fim de tr\u00eas anos concluiu os preparat\u00f3rios, tendo obtido distin\u00e7\u00e3o nos exames de F\u00edsica, Qu\u00edmica e Introdu\u00e7\u00e3o \u00e0 [&hellip;]<\/p>\n","protected":false},"author":4286,"featured_media":3941,"comment_status":"open","ping_status":"open","sticky":false,"template":"","format":"standard","meta":{"footnotes":""},"categories":[133170,110974,4072,111879,111886],"tags":[],"class_list":["post-3940","post","type-post","status-publish","format-standard","has-post-thumbnail","hentry","category-biblioteca-de-um-ceramista-industrial-1880-1980","category-centro-de-documentacao","category-exposicoes","category-monografias","category-nucleo-1-fabrica-de-faiancas-das-caldas-da-rainha-e-escola-industrial-caldense","entry-image--portrait"],"_links":{"self":[{"href":"https:\/\/sites.ipleiria.pt\/projetocp2s\/wp-json\/wp\/v2\/posts\/3940","targetHints":{"allow":["GET"]}}],"collection":[{"href":"https:\/\/sites.ipleiria.pt\/projetocp2s\/wp-json\/wp\/v2\/posts"}],"about":[{"href":"https:\/\/sites.ipleiria.pt\/projetocp2s\/wp-json\/wp\/v2\/types\/post"}],"author":[{"embeddable":true,"href":"https:\/\/sites.ipleiria.pt\/projetocp2s\/wp-json\/wp\/v2\/users\/4286"}],"replies":[{"embeddable":true,"href":"https:\/\/sites.ipleiria.pt\/projetocp2s\/wp-json\/wp\/v2\/comments?post=3940"}],"version-history":[{"count":4,"href":"https:\/\/sites.ipleiria.pt\/projetocp2s\/wp-json\/wp\/v2\/posts\/3940\/revisions"}],"predecessor-version":[{"id":4336,"href":"https:\/\/sites.ipleiria.pt\/projetocp2s\/wp-json\/wp\/v2\/posts\/3940\/revisions\/4336"}],"wp:featuredmedia":[{"embeddable":true,"href":"https:\/\/sites.ipleiria.pt\/projetocp2s\/wp-json\/wp\/v2\/media\/3941"}],"wp:attachment":[{"href":"https:\/\/sites.ipleiria.pt\/projetocp2s\/wp-json\/wp\/v2\/media?parent=3940"}],"wp:term":[{"taxonomy":"category","embeddable":true,"href":"https:\/\/sites.ipleiria.pt\/projetocp2s\/wp-json\/wp\/v2\/categories?post=3940"},{"taxonomy":"post_tag","embeddable":true,"href":"https:\/\/sites.ipleiria.pt\/projetocp2s\/wp-json\/wp\/v2\/tags?post=3940"}],"curies":[{"name":"wp","href":"https:\/\/api.w.org\/{rel}","templated":true}]}}