{"id":3943,"date":"2019-03-11T23:31:50","date_gmt":"2019-03-11T23:31:50","guid":{"rendered":"http:\/\/sites.ipleiria.pt\/projetocp2s\/?p=3943"},"modified":"2019-03-19T19:33:15","modified_gmt":"2019-03-19T19:33:15","slug":"traite-pratique-de-la-coupe-des-pierres","status":"publish","type":"post","link":"https:\/\/sites.ipleiria.pt\/projetocp2s\/2019\/03\/11\/traite-pratique-de-la-coupe-des-pierres\/","title":{"rendered":"Trait\u00e9 pratique de la coupe des pierres"},"content":{"rendered":"\n<blockquote>\n<p><span style=\"font-size: 14pt\">Trait\u00e9 pratique de la coupe des pierres : pr\u00e9c\u00e9d\u00e9 de toute la partie de la g\u00e9om\u00e9trie desciptive qui trouve son application dans la coupe des pierres : Atlas de 59 planches<\/span><\/p>\n<\/blockquote>\n<div>\u00a0<\/div>\n<p><strong>Biografia do Autor:<\/strong><\/p>\n<div style=\"text-align: justify\">\n<p>\u00c9mille Lejeune \u00e9 autor da obra <em>Trait\u00e9 pratique de la coupe des pierres : pr\u00e9c\u00e9d\u00e9 de toute la partie de la g\u00e9om\u00e9trie desciptive qui trouve son application dans la coupe des pierres<\/em> (obra em exposi\u00e7\u00e3o). \u00c0 data de 1872, sabe-se que era antigo aluno da \u00c9cole Centrale des Arts et Manufactures e professor de geometria descritiva e de corte de pedra. Redigiu guias t\u00e9cnicos, direcionados a fabricantes de fog\u00f5es de cal, cimentos, bet\u00e3o e argamassas hidr\u00e1ulicas, e outro para fabricante de tijolos, telhas, ladrilhos, tubos e outros produtos de terracota.<\/p>\n<\/div>\n<h1>\u00a0<\/h1>\n<p><strong>Resumo da Monografia:<\/strong><\/p>\n<p style=\"text-align: justify\">Esta obra \u00e9 uma das partes de <em>Trait\u00e9 pratique de la coupe des pierres<\/em>, um atlas composto por 59 pranchas com variadas gravuras relacionadas com corte de pedra para a sua aplica\u00e7\u00e3o na arquitetura. Comporta 28 pranchas sobre geometria descritiva, 2 sobre muros, 1 sobre lint\u00e9is planos, 21 sobre ab\u00f3badas e respetivos componentes, 4 sobre escadarias e 3 sobre pontes.\u00a0<\/p>\n<p>\u00a0<\/p>\n<p style=\"text-align: justify\">\u2013 Monografia Online disponibilizada na \u201cGallica \u2013 Biblioteca digital da Biblioteca Nacional de Fran\u00e7a\u201d \u2013\u00a0<a href=\"https:\/\/gallica.bnf.fr\/ark:\/12148\/bpt6k9708096w\">(aqui)<\/a><\/p>\n<h2>\u00a0<\/h2>\n<p style=\"text-align: center\"><span style=\"font-size: 10pt\"><span style=\"font-size: 12px\"><img loading=\"lazy\" decoding=\"async\" class=\"alignnone  wp-image-3944\" src=\"http:\/\/sites.ipleiria.pt\/projetocp2s\/files\/2019\/03\/1208_006-245x300.jpg\" alt=\"\" width=\"617\" height=\"756\" srcset=\"https:\/\/sites.ipleiria.pt\/projetocp2s\/files\/2019\/03\/1208_006-245x300.jpg 245w, https:\/\/sites.ipleiria.pt\/projetocp2s\/files\/2019\/03\/1208_006-768x941.jpg 768w, https:\/\/sites.ipleiria.pt\/projetocp2s\/files\/2019\/03\/1208_006-836x1024.jpg 836w, https:\/\/sites.ipleiria.pt\/projetocp2s\/files\/2019\/03\/1208_006-8x10.jpg 8w, https:\/\/sites.ipleiria.pt\/projetocp2s\/files\/2019\/03\/1208_006-432x529.jpg 432w, https:\/\/sites.ipleiria.pt\/projetocp2s\/files\/2019\/03\/1208_006-396x485.jpg 396w, https:\/\/sites.ipleiria.pt\/projetocp2s\/files\/2019\/03\/1208_006-1120x1373.jpg 1120w, https:\/\/sites.ipleiria.pt\/projetocp2s\/files\/2019\/03\/1208_006-660x809.jpg 660w, https:\/\/sites.ipleiria.pt\/projetocp2s\/files\/2019\/03\/1208_006-180x220.jpg 180w\" sizes=\"auto, (max-width: 600px) 91vw, (max-width: 900px) 600px, (max-width: 1060px) 50vw, (max-width: 1200px) 520px, (max-width: 1400px) 43vw, 600px\" \/>&#8211; LEJEUNE, \u00c9mille &#8211; Trait\u00e9 pratique de la coupe des pierres : pr\u00e9c\u00e9d\u00e9 de toute la partie de la g\u00e9om\u00e9trie desciptive qui trouve son application dans la coupe des pierres : Atlas de 59 planches. Paris: J. Baudry, 1872. [2], lix p.<\/span><\/span><\/p>\n<p>\u00a0<\/p>\n","protected":false},"excerpt":{"rendered":"<p>Trait\u00e9 pratique de la coupe des pierres : pr\u00e9c\u00e9d\u00e9 de toute la partie de la g\u00e9om\u00e9trie desciptive qui trouve son application dans la coupe des pierres : Atlas de 59 planches \u00a0 Biografia do Autor: \u00c9mille Lejeune \u00e9 autor da obra Trait\u00e9 pratique de la coupe des pierres : pr\u00e9c\u00e9d\u00e9 de toute la partie de [&hellip;]<\/p>\n","protected":false},"author":4286,"featured_media":3944,"comment_status":"open","ping_status":"open","sticky":false,"template":"","format":"standard","meta":{"footnotes":""},"categories":[133170,110974,4072,111879,111886],"tags":[],"class_list":["post-3943","post","type-post","status-publish","format-standard","has-post-thumbnail","hentry","category-biblioteca-de-um-ceramista-industrial-1880-1980","category-centro-de-documentacao","category-exposicoes","category-monografias","category-nucleo-1-fabrica-de-faiancas-das-caldas-da-rainha-e-escola-industrial-caldense","entry-image--portrait"],"_links":{"self":[{"href":"https:\/\/sites.ipleiria.pt\/projetocp2s\/wp-json\/wp\/v2\/posts\/3943","targetHints":{"allow":["GET"]}}],"collection":[{"href":"https:\/\/sites.ipleiria.pt\/projetocp2s\/wp-json\/wp\/v2\/posts"}],"about":[{"href":"https:\/\/sites.ipleiria.pt\/projetocp2s\/wp-json\/wp\/v2\/types\/post"}],"author":[{"embeddable":true,"href":"https:\/\/sites.ipleiria.pt\/projetocp2s\/wp-json\/wp\/v2\/users\/4286"}],"replies":[{"embeddable":true,"href":"https:\/\/sites.ipleiria.pt\/projetocp2s\/wp-json\/wp\/v2\/comments?post=3943"}],"version-history":[{"count":7,"href":"https:\/\/sites.ipleiria.pt\/projetocp2s\/wp-json\/wp\/v2\/posts\/3943\/revisions"}],"predecessor-version":[{"id":4320,"href":"https:\/\/sites.ipleiria.pt\/projetocp2s\/wp-json\/wp\/v2\/posts\/3943\/revisions\/4320"}],"wp:featuredmedia":[{"embeddable":true,"href":"https:\/\/sites.ipleiria.pt\/projetocp2s\/wp-json\/wp\/v2\/media\/3944"}],"wp:attachment":[{"href":"https:\/\/sites.ipleiria.pt\/projetocp2s\/wp-json\/wp\/v2\/media?parent=3943"}],"wp:term":[{"taxonomy":"category","embeddable":true,"href":"https:\/\/sites.ipleiria.pt\/projetocp2s\/wp-json\/wp\/v2\/categories?post=3943"},{"taxonomy":"post_tag","embeddable":true,"href":"https:\/\/sites.ipleiria.pt\/projetocp2s\/wp-json\/wp\/v2\/tags?post=3943"}],"curies":[{"name":"wp","href":"https:\/\/api.w.org\/{rel}","templated":true}]}}