{"id":3949,"date":"2019-03-11T23:35:47","date_gmt":"2019-03-11T23:35:47","guid":{"rendered":"http:\/\/sites.ipleiria.pt\/projetocp2s\/?p=3949"},"modified":"2019-03-18T15:33:03","modified_gmt":"2019-03-18T15:33:03","slug":"desenho-2","status":"publish","type":"post","link":"https:\/\/sites.ipleiria.pt\/projetocp2s\/2019\/03\/11\/desenho-2\/","title":{"rendered":"Desenho : Livro II"},"content":{"rendered":"\n<blockquote>\n<p><span style=\"font-size: 14pt\">Desenho : Livro II<\/span><\/p>\n<\/blockquote>\n<div>\u00a0<\/div>\n<p><strong>Biografia do Autor:<\/strong><\/p>\n<div style=\"text-align: justify\">\n<p>Coronel Carlos Adolfo Marques Leit\u00e3o (01.05.1855 \u2013 25.11.1938) foi um professor pedagogista e oficial do Ex\u00e9rcito portugu\u00eas. O seu percurso no Ex\u00e9rcito foi marcado pela velocidade que subiu na carreira: foi assentado pra\u00e7a a 15.09.1873, promovido a alferes a 05.01.1876, a tenente a 08.11.1882, a capit\u00e3o a 21.12.1887 e a major a 20.10.1898. Na sua vida civil, Marques Leit\u00e3o dedicou-se ao ensino da geometria aplicada e do desenho, assim como ao estudo das escolas comerciais e industriais: foi professor de Desenho e Geografia do pr\u00edncipe real D. Lu\u00eds Filipe e do infante D. Manuel;\u00a0foi diretor do Col\u00e9gio Militar (cargo que ocupou at\u00e9 \u00e0 proclama\u00e7\u00e3o da Rep\u00fablica, i.e. 1910) e da Escola Industrial Marqu\u00eas de Pombal; participou na Exposi\u00e7\u00e3o Universal de Paris de 1900 com a comunica\u00e7\u00e3o <em>Enseignement sp\u00e9cial industriel et comercial: les \u00e9coles industrielles et de dessin industriel de la circonscription du sud<\/em>. Escreveu in\u00fameros manuais sobre geometria e desenho, tanto para a instru\u00e7\u00e3o prim\u00e1ria como secund\u00e1ria, de destacar <em>Desenho<\/em> (volumes I e II em exposi\u00e7\u00e3o), publicados entre 1909 e 1910. Esta obra \u00e9 composta por 5 volumes e foi aprovada pelo Conselho de Instru\u00e7\u00e3o P\u00fablica para o ensino da Geometria Aplicada. Tamb\u00e9m foi colaborador em <em>A semana de Lisboa : supplemento do Jornal do Commercio<\/em>. Foi deputado, vogal do Conselho Tutelar de Terra e Mar, vice-presidente do Conselho Superior de Ensino Industrial e Comercial e presidente da Comiss\u00e3o Administrativa da C\u00e2mara Municipal de Lisboa, durante a ditadura franquista. Em 1930, numa homenagem realizada na Escola Industrial Marqu\u00eas de Pombal com a assist\u00eancia do Chefe de Estado, era condecorado com as ordens de S\u00e3o Bento de Avis, de Santiago, de Nossa Senhora da Concei\u00e7\u00e3o e gr\u00e3-cruz da Ordem da Instru\u00e7\u00e3o.<\/p>\n<\/div>\n<h1>\u00a0<\/h1>\n<p><strong>Resumo da Monografia:<\/strong><\/p>\n<p style=\"text-align: justify\">O presente manual, livro 2 de 2, conclu\u00ed a sugest\u00e3o de exerc\u00edcios a ser aplicados em sala de aula iniciada no livro 1, exibindo mais 63 estampas.<\/p>\n<h2>\u00a0<\/h2>\n<p style=\"text-align: center\"><span style=\"font-size: 10pt\"><span style=\"font-size: 12px\"><img loading=\"lazy\" decoding=\"async\" class=\"alignnone  wp-image-3950\" src=\"http:\/\/sites.ipleiria.pt\/projetocp2s\/files\/2019\/03\/1208_003-300x226.jpg\" alt=\"\" width=\"664\" height=\"500\" srcset=\"https:\/\/sites.ipleiria.pt\/projetocp2s\/files\/2019\/03\/1208_003-300x226.jpg 300w, https:\/\/sites.ipleiria.pt\/projetocp2s\/files\/2019\/03\/1208_003-768x579.jpg 768w, https:\/\/sites.ipleiria.pt\/projetocp2s\/files\/2019\/03\/1208_003-1024x771.jpg 1024w, https:\/\/sites.ipleiria.pt\/projetocp2s\/files\/2019\/03\/1208_003-10x8.jpg 10w, https:\/\/sites.ipleiria.pt\/projetocp2s\/files\/2019\/03\/1208_003-432x325.jpg 432w, https:\/\/sites.ipleiria.pt\/projetocp2s\/files\/2019\/03\/1208_003-396x298.jpg 396w, https:\/\/sites.ipleiria.pt\/projetocp2s\/files\/2019\/03\/1208_003-1120x844.jpg 1120w, https:\/\/sites.ipleiria.pt\/projetocp2s\/files\/2019\/03\/1208_003-660x497.jpg 660w, https:\/\/sites.ipleiria.pt\/projetocp2s\/files\/2019\/03\/1208_003-292x220.jpg 292w\" sizes=\"auto, (max-width: 600px) 91vw, (max-width: 900px) 600px, (max-width: 1060px) 50vw, (max-width: 1200px) 520px, (max-width: 1400px) 43vw, 600px\" \/>&#8211;\u00a0<\/span><\/span><span style=\"font-size: 12px\">LEIT\u00c3O, C. A. Marques \u2013 <em>Desenho : Livro II<\/em>. Lisboa: Fernandes &amp; Ca., 1909. 1 vol. (Instruc\u00e7\u00e3o Secund\u00e1ria)<\/span><\/p>\n<p>\u00a0<\/p>\n","protected":false},"excerpt":{"rendered":"<p>Desenho : Livro II \u00a0 Biografia do Autor: Coronel Carlos Adolfo Marques Leit\u00e3o (01.05.1855 \u2013 25.11.1938) foi um professor pedagogista e oficial do Ex\u00e9rcito portugu\u00eas. O seu percurso no Ex\u00e9rcito foi marcado pela velocidade que subiu na carreira: foi assentado pra\u00e7a a 15.09.1873, promovido a alferes a 05.01.1876, a tenente a 08.11.1882, a capit\u00e3o a [&hellip;]<\/p>\n","protected":false},"author":4286,"featured_media":3950,"comment_status":"open","ping_status":"open","sticky":false,"template":"","format":"standard","meta":{"footnotes":""},"categories":[133170,110974,4072,111879,111886],"tags":[],"class_list":["post-3949","post","type-post","status-publish","format-standard","has-post-thumbnail","hentry","category-biblioteca-de-um-ceramista-industrial-1880-1980","category-centro-de-documentacao","category-exposicoes","category-monografias","category-nucleo-1-fabrica-de-faiancas-das-caldas-da-rainha-e-escola-industrial-caldense","entry-image--landscape"],"_links":{"self":[{"href":"https:\/\/sites.ipleiria.pt\/projetocp2s\/wp-json\/wp\/v2\/posts\/3949","targetHints":{"allow":["GET"]}}],"collection":[{"href":"https:\/\/sites.ipleiria.pt\/projetocp2s\/wp-json\/wp\/v2\/posts"}],"about":[{"href":"https:\/\/sites.ipleiria.pt\/projetocp2s\/wp-json\/wp\/v2\/types\/post"}],"author":[{"embeddable":true,"href":"https:\/\/sites.ipleiria.pt\/projetocp2s\/wp-json\/wp\/v2\/users\/4286"}],"replies":[{"embeddable":true,"href":"https:\/\/sites.ipleiria.pt\/projetocp2s\/wp-json\/wp\/v2\/comments?post=3949"}],"version-history":[{"count":5,"href":"https:\/\/sites.ipleiria.pt\/projetocp2s\/wp-json\/wp\/v2\/posts\/3949\/revisions"}],"predecessor-version":[{"id":4285,"href":"https:\/\/sites.ipleiria.pt\/projetocp2s\/wp-json\/wp\/v2\/posts\/3949\/revisions\/4285"}],"wp:featuredmedia":[{"embeddable":true,"href":"https:\/\/sites.ipleiria.pt\/projetocp2s\/wp-json\/wp\/v2\/media\/3950"}],"wp:attachment":[{"href":"https:\/\/sites.ipleiria.pt\/projetocp2s\/wp-json\/wp\/v2\/media?parent=3949"}],"wp:term":[{"taxonomy":"category","embeddable":true,"href":"https:\/\/sites.ipleiria.pt\/projetocp2s\/wp-json\/wp\/v2\/categories?post=3949"},{"taxonomy":"post_tag","embeddable":true,"href":"https:\/\/sites.ipleiria.pt\/projetocp2s\/wp-json\/wp\/v2\/tags?post=3949"}],"curies":[{"name":"wp","href":"https:\/\/api.w.org\/{rel}","templated":true}]}}