{"id":3952,"date":"2019-03-11T23:38:06","date_gmt":"2019-03-11T23:38:06","guid":{"rendered":"http:\/\/sites.ipleiria.pt\/projetocp2s\/?p=3952"},"modified":"2019-03-18T15:08:08","modified_gmt":"2019-03-18T15:08:08","slug":"a-arquitectura-moderna","status":"publish","type":"post","link":"https:\/\/sites.ipleiria.pt\/projetocp2s\/2019\/03\/11\/a-arquitectura-moderna\/","title":{"rendered":"A Arquitectura Moderna"},"content":{"rendered":"\n<blockquote>\n<p><span style=\"font-size: 14pt\">A Arquitectura Moderna: Revista Mensal da Arte Arquitectural Antiga e Moderna<\/span><\/p>\n<\/blockquote>\n<div>\u00a0<\/div>\n<p><strong>Sobre o peri\u00f3dico:<\/strong><\/p>\n<div style=\"text-align: justify\">\n<p>Revista dirigida por M\u00e1rio Colares, com sede em Lisboa, publicada entre 1908 e 1914, e com periodicidade mensal. Trata de arquitetura e de constru\u00e7\u00e3o portuguesa ao longo do tempo, sobretudo contempor\u00e2nea ao per\u00edodo de publica\u00e7\u00e3o, contando com a colabora\u00e7\u00e3o de arquitetos e historiadores de arte, igualmente portugueses.<\/p>\n<\/div>\n<h2>\u00a0<\/h2>\n<p style=\"text-align: center\"><span style=\"font-size: 10pt\"><span style=\"font-size: 12px\"><img loading=\"lazy\" decoding=\"async\" class=\"alignnone  wp-image-3953\" src=\"http:\/\/sites.ipleiria.pt\/projetocp2s\/files\/2019\/03\/1208_005-190x300.jpg\" alt=\"\" width=\"760\" height=\"1200\" srcset=\"https:\/\/sites.ipleiria.pt\/projetocp2s\/files\/2019\/03\/1208_005-190x300.jpg 190w, https:\/\/sites.ipleiria.pt\/projetocp2s\/files\/2019\/03\/1208_005-649x1024.jpg 649w, https:\/\/sites.ipleiria.pt\/projetocp2s\/files\/2019\/03\/1208_005-6x10.jpg 6w, https:\/\/sites.ipleiria.pt\/projetocp2s\/files\/2019\/03\/1208_005-432x681.jpg 432w, https:\/\/sites.ipleiria.pt\/projetocp2s\/files\/2019\/03\/1208_005-396x624.jpg 396w, https:\/\/sites.ipleiria.pt\/projetocp2s\/files\/2019\/03\/1208_005-660x1041.jpg 660w, https:\/\/sites.ipleiria.pt\/projetocp2s\/files\/2019\/03\/1208_005-140x220.jpg 140w\" sizes=\"auto, (max-width: 600px) 91vw, (max-width: 900px) 600px, (max-width: 1060px) 50vw, (max-width: 1200px) 520px, (max-width: 1400px) 43vw, 600px\" \/>&#8211;\u00a0<\/span><\/span><span style=\"font-size: 12px\"><em>A Arquitectura Moderna : Revista Mensal da Arte Arquitectural Antiga e Moderna<\/em>. Dir. Nuno Colares. Ano IX, n\u00ba 1-12. Lisboa: Centro Typographico Colonial, 1916<\/span><\/p>\n<p>\u00a0<\/p>\n","protected":false},"excerpt":{"rendered":"<p>A Arquitectura Moderna: Revista Mensal da Arte Arquitectural Antiga e Moderna \u00a0 Sobre o peri\u00f3dico: Revista dirigida por M\u00e1rio Colares, com sede em Lisboa, publicada entre 1908 e 1914, e com periodicidade mensal. Trata de arquitetura e de constru\u00e7\u00e3o portuguesa ao longo do tempo, sobretudo contempor\u00e2nea ao per\u00edodo de publica\u00e7\u00e3o, contando com a colabora\u00e7\u00e3o de [&hellip;]<\/p>\n","protected":false},"author":4286,"featured_media":3953,"comment_status":"open","ping_status":"open","sticky":false,"template":"","format":"standard","meta":{"footnotes":""},"categories":[133170,110974,4072,111879,111886],"tags":[],"class_list":["post-3952","post","type-post","status-publish","format-standard","has-post-thumbnail","hentry","category-biblioteca-de-um-ceramista-industrial-1880-1980","category-centro-de-documentacao","category-exposicoes","category-monografias","category-nucleo-1-fabrica-de-faiancas-das-caldas-da-rainha-e-escola-industrial-caldense","entry-image--portrait"],"_links":{"self":[{"href":"https:\/\/sites.ipleiria.pt\/projetocp2s\/wp-json\/wp\/v2\/posts\/3952","targetHints":{"allow":["GET"]}}],"collection":[{"href":"https:\/\/sites.ipleiria.pt\/projetocp2s\/wp-json\/wp\/v2\/posts"}],"about":[{"href":"https:\/\/sites.ipleiria.pt\/projetocp2s\/wp-json\/wp\/v2\/types\/post"}],"author":[{"embeddable":true,"href":"https:\/\/sites.ipleiria.pt\/projetocp2s\/wp-json\/wp\/v2\/users\/4286"}],"replies":[{"embeddable":true,"href":"https:\/\/sites.ipleiria.pt\/projetocp2s\/wp-json\/wp\/v2\/comments?post=3952"}],"version-history":[{"count":3,"href":"https:\/\/sites.ipleiria.pt\/projetocp2s\/wp-json\/wp\/v2\/posts\/3952\/revisions"}],"predecessor-version":[{"id":4255,"href":"https:\/\/sites.ipleiria.pt\/projetocp2s\/wp-json\/wp\/v2\/posts\/3952\/revisions\/4255"}],"wp:featuredmedia":[{"embeddable":true,"href":"https:\/\/sites.ipleiria.pt\/projetocp2s\/wp-json\/wp\/v2\/media\/3953"}],"wp:attachment":[{"href":"https:\/\/sites.ipleiria.pt\/projetocp2s\/wp-json\/wp\/v2\/media?parent=3952"}],"wp:term":[{"taxonomy":"category","embeddable":true,"href":"https:\/\/sites.ipleiria.pt\/projetocp2s\/wp-json\/wp\/v2\/categories?post=3952"},{"taxonomy":"post_tag","embeddable":true,"href":"https:\/\/sites.ipleiria.pt\/projetocp2s\/wp-json\/wp\/v2\/tags?post=3952"}],"curies":[{"name":"wp","href":"https:\/\/api.w.org\/{rel}","templated":true}]}}