{"id":3955,"date":"2019-03-11T23:40:48","date_gmt":"2019-03-11T23:40:48","guid":{"rendered":"http:\/\/sites.ipleiria.pt\/projetocp2s\/?p=3955"},"modified":"2019-03-18T17:47:45","modified_gmt":"2019-03-18T17:47:45","slug":"traite-pratique-de-constructions-civiles","status":"publish","type":"post","link":"https:\/\/sites.ipleiria.pt\/projetocp2s\/2019\/03\/11\/traite-pratique-de-constructions-civiles\/","title":{"rendered":"Trait\u00e9 pratique de constructions civiles"},"content":{"rendered":"\n<blockquote>\n<p><span style=\"font-size: 14pt\">Trait\u00e9 pratique de constructions civiles: La pierre et la brique dans la construction: Deuxi\u00e8me Volume<\/span><\/p>\n<\/blockquote>\n<div>&nbsp;<\/div>\n<p><strong>Biografia do Autor:<\/strong><\/p>\n<div style=\"text-align: justify\">\n<p>Germano Wanderley (21.04.1845 &#8211; 31.10.1904) foi um arquiteto e professor universit\u00e1rio germano-brasileiro. Estudou Arquitetura na Berliner Bauakademie. Lecionou na Baugewerkschule Eckernf\u00f6rde entre 1864 e 1875, e na Technischen Hochschule Br\u00fcnn entre 1875 e 1904, as disciplinas de arquitetura, desenho de constru\u00e7\u00e3o, e constru\u00e7\u00e3o. \u00c9 respons\u00e1vel pelo projeto de in\u00fameros edif\u00edcios p\u00fablicos e privados, e monumentos, considerado um importante representante do historicismo na arquitetura da Mor\u00e1via, e sendo premiado por v\u00e1rias das suas cria\u00e7\u00f5es. Tamb\u00e9m esteve envolvido com a constru\u00e7\u00e3o ao n\u00edvel da esfera p\u00fablica: foi membro do conselho de exame para os candidatos a constru\u00e7\u00e3o (pedreiro e mestre) em 1894; foi nomeado para o Conselho da Constru\u00e7\u00e3o em 1898; e fez parte da elabora\u00e7\u00e3o do Plano de Regula\u00e7\u00e3o do Gen. Urbano de Brno em 1902. \u00c9 autor de <em>Trait\u00e9 pratique de constructions civiles<\/em>, obra em tr\u00eas volumes (segundo volume em exposi\u00e7\u00e3o).<\/p>\n<\/div>\n<h2>&nbsp;<\/h2>\n<p><strong>Resumo da Monografia:<\/strong><\/p>\n<p style=\"text-align: justify\">Esta obra refere-se ao segundo volume do tratado de Wanderley sobre constru\u00e7\u00e3o civil, restringindo-se \u00e0 utiliza\u00e7\u00e3o de pedra e tijolo na constru\u00e7\u00e3o. Trata dos m\u00e9todos de constru\u00e7\u00e3o e de execu\u00e7\u00e3o de muros, chamin\u00e9s, alvenarias de tijolo e pedra, arcos em ma\u00e7onaria, ab\u00f3badas, v\u00e3os para portas e janelas, e molduras.&nbsp;<\/p>\n<p>&nbsp;<\/p>\n<p style=\"text-align: justify\">\u2013 Monografia Online disponibilizada na \u201cGallica \u2013 Biblioteca digital da Biblioteca Nacional de Fran\u00e7a\u201d \u2013&nbsp;<a href=\"https:\/\/gallica.bnf.fr\/ark:\/12148\/bpt6k96686118\">(aqui)<\/a><\/p>\n<h2>&nbsp;<\/h2>\n<p style=\"text-align: center\"><span style=\"font-size: 10pt\"><span style=\"font-size: 12px\"><img loading=\"lazy\" decoding=\"async\" class=\"alignnone  wp-image-3956\" src=\"http:\/\/sites.ipleiria.pt\/projetocp2s\/files\/2019\/03\/1208_002-184x300.jpg\" alt=\"\" width=\"713\" height=\"1163\" srcset=\"https:\/\/sites.ipleiria.pt\/projetocp2s\/files\/2019\/03\/1208_002-184x300.jpg 184w, https:\/\/sites.ipleiria.pt\/projetocp2s\/files\/2019\/03\/1208_002-768x1252.jpg 768w, https:\/\/sites.ipleiria.pt\/projetocp2s\/files\/2019\/03\/1208_002-628x1024.jpg 628w, https:\/\/sites.ipleiria.pt\/projetocp2s\/files\/2019\/03\/1208_002-6x10.jpg 6w, https:\/\/sites.ipleiria.pt\/projetocp2s\/files\/2019\/03\/1208_002-432x704.jpg 432w, https:\/\/sites.ipleiria.pt\/projetocp2s\/files\/2019\/03\/1208_002-396x645.jpg 396w, https:\/\/sites.ipleiria.pt\/projetocp2s\/files\/2019\/03\/1208_002-1120x1825.jpg 1120w, https:\/\/sites.ipleiria.pt\/projetocp2s\/files\/2019\/03\/1208_002-660x1076.jpg 660w, https:\/\/sites.ipleiria.pt\/projetocp2s\/files\/2019\/03\/1208_002-135x220.jpg 135w, https:\/\/sites.ipleiria.pt\/projetocp2s\/files\/2019\/03\/1208_002.jpg 1501w\" sizes=\"auto, (max-width: 600px) 91vw, (max-width: 900px) 600px, (max-width: 1060px) 50vw, (max-width: 1200px) 520px, (max-width: 1400px) 43vw, 600px\" \/>&#8211; WANDERLEY, Germano &#8211; <em>Trait\u00e9 pratique de constructions civiles : La pierre et la brique dans la construction : Deuxi\u00e8me Volume<\/em>. Paris: E. Bernard &amp; Cie., 1883. [6], 514, iii p., com 6 pranchas com ilustra\u00e7\u00f5es<\/span><\/span><\/p>\n<p>&nbsp;<\/p>\n","protected":false},"excerpt":{"rendered":"<p>Trait\u00e9 pratique de constructions civiles: La pierre et la brique dans la construction: Deuxi\u00e8me Volume &nbsp; Biografia do Autor: Germano Wanderley (21.04.1845 &#8211; 31.10.1904) foi um arquiteto e professor universit\u00e1rio germano-brasileiro. Estudou Arquitetura na Berliner Bauakademie. Lecionou na Baugewerkschule Eckernf\u00f6rde entre 1864 e 1875, e na Technischen Hochschule Br\u00fcnn entre 1875 e 1904, as disciplinas [&hellip;]<\/p>\n","protected":false},"author":4286,"featured_media":3956,"comment_status":"open","ping_status":"open","sticky":false,"template":"","format":"standard","meta":{"footnotes":""},"categories":[133170,110974,4072,111879,111886],"tags":[],"class_list":["post-3955","post","type-post","status-publish","format-standard","has-post-thumbnail","hentry","category-biblioteca-de-um-ceramista-industrial-1880-1980","category-centro-de-documentacao","category-exposicoes","category-monografias","category-nucleo-1-fabrica-de-faiancas-das-caldas-da-rainha-e-escola-industrial-caldense","entry-image--portrait"],"_links":{"self":[{"href":"https:\/\/sites.ipleiria.pt\/projetocp2s\/wp-json\/wp\/v2\/posts\/3955","targetHints":{"allow":["GET"]}}],"collection":[{"href":"https:\/\/sites.ipleiria.pt\/projetocp2s\/wp-json\/wp\/v2\/posts"}],"about":[{"href":"https:\/\/sites.ipleiria.pt\/projetocp2s\/wp-json\/wp\/v2\/types\/post"}],"author":[{"embeddable":true,"href":"https:\/\/sites.ipleiria.pt\/projetocp2s\/wp-json\/wp\/v2\/users\/4286"}],"replies":[{"embeddable":true,"href":"https:\/\/sites.ipleiria.pt\/projetocp2s\/wp-json\/wp\/v2\/comments?post=3955"}],"version-history":[{"count":7,"href":"https:\/\/sites.ipleiria.pt\/projetocp2s\/wp-json\/wp\/v2\/posts\/3955\/revisions"}],"predecessor-version":[{"id":4318,"href":"https:\/\/sites.ipleiria.pt\/projetocp2s\/wp-json\/wp\/v2\/posts\/3955\/revisions\/4318"}],"wp:featuredmedia":[{"embeddable":true,"href":"https:\/\/sites.ipleiria.pt\/projetocp2s\/wp-json\/wp\/v2\/media\/3956"}],"wp:attachment":[{"href":"https:\/\/sites.ipleiria.pt\/projetocp2s\/wp-json\/wp\/v2\/media?parent=3955"}],"wp:term":[{"taxonomy":"category","embeddable":true,"href":"https:\/\/sites.ipleiria.pt\/projetocp2s\/wp-json\/wp\/v2\/categories?post=3955"},{"taxonomy":"post_tag","embeddable":true,"href":"https:\/\/sites.ipleiria.pt\/projetocp2s\/wp-json\/wp\/v2\/tags?post=3955"}],"curies":[{"name":"wp","href":"https:\/\/api.w.org\/{rel}","templated":true}]}}