{"id":3962,"date":"2019-03-12T12:50:53","date_gmt":"2019-03-12T12:50:53","guid":{"rendered":"http:\/\/sites.ipleiria.pt\/projetocp2s\/?p=3962"},"modified":"2019-03-18T15:03:58","modified_gmt":"2019-03-18T15:03:58","slug":"ceramicas-revista-trimestral-de-ceramica-artistica-tecnica-industrial-e-artesanal","status":"publish","type":"post","link":"https:\/\/sites.ipleiria.pt\/projetocp2s\/2019\/03\/12\/ceramicas-revista-trimestral-de-ceramica-artistica-tecnica-industrial-e-artesanal\/","title":{"rendered":"Cer\u00e2micas : Revista Trimestral de Cer\u00e2mica art\u00edstica, t\u00e9cnica, industrial e artesanal"},"content":{"rendered":"\n<blockquote>\n<p><span style=\"font-size: 14pt\">Cer\u00e2micas : Revista Trimestral de Cer\u00e2mica art\u00edstica, t\u00e9cnica, industrial e artesanal &#8211; N\u00ba1<\/span><\/p>\n<\/blockquote>\n<div>\u00a0<\/div>\n<p><strong>Sobre o peri\u00f3dico:<\/strong><\/p>\n<p style=\"text-align: justify\">Revista dirigida por Alberto Faria Frasco, editada pelo Cencal &#8211; Centro de Forma\u00e7\u00e3o Profissional para a Ind\u00fastria Cer\u00e2mica das Caldas da Rainha, publicada entre dezembro de 1988 e outubro de 1998. Inicialmente trimestral, a sua periocidade foi vari\u00e1vel ao longo da sua publica\u00e7\u00e3o, sendo retirada do seu subt\u00edtulo essa indica\u00e7\u00e3o (\u201crevista trimestral\u201d). Trata das v\u00e1rias vertentes da cer\u00e2mica \u2013 art\u00edstica, t\u00e9cnica, industrial e artesanal.<\/p>\n<h2>\u00a0<\/h2>\n<p style=\"text-align: center\"><span style=\"font-size: 10pt\"><span style=\"font-size: 12px\"><img loading=\"lazy\" decoding=\"async\" class=\"alignnone  wp-image-3963\" src=\"http:\/\/sites.ipleiria.pt\/projetocp2s\/files\/2019\/03\/1220_001-210x300.jpg\" alt=\"\" width=\"805\" height=\"1150\" srcset=\"https:\/\/sites.ipleiria.pt\/projetocp2s\/files\/2019\/03\/1220_001-210x300.jpg 210w, https:\/\/sites.ipleiria.pt\/projetocp2s\/files\/2019\/03\/1220_001-716x1024.jpg 716w, https:\/\/sites.ipleiria.pt\/projetocp2s\/files\/2019\/03\/1220_001-7x10.jpg 7w, https:\/\/sites.ipleiria.pt\/projetocp2s\/files\/2019\/03\/1220_001-432x618.jpg 432w, https:\/\/sites.ipleiria.pt\/projetocp2s\/files\/2019\/03\/1220_001-396x567.jpg 396w, https:\/\/sites.ipleiria.pt\/projetocp2s\/files\/2019\/03\/1220_001-660x944.jpg 660w, https:\/\/sites.ipleiria.pt\/projetocp2s\/files\/2019\/03\/1220_001-154x220.jpg 154w\" sizes=\"auto, (max-width: 600px) 91vw, (max-width: 900px) 600px, (max-width: 1060px) 50vw, (max-width: 1200px) 520px, (max-width: 1400px) 43vw, 600px\" \/>&#8211; Cer\u00e2micas : Revista Trimestral de Cer\u00e2mica art\u00edstica, t\u00e9cnica, industrial e artesanal. Dir. Alberto Faria Frasco. Ano I, n\u00ba 1 (Dezembro 1988). Caldas da Rainha: Cencal &#8211; Centro de Forma\u00e7\u00e3o Profissional para a Ind\u00fastria Cer\u00e2mica, 1988<\/span><\/span><\/p>\n<p>\u00a0<\/p>\n","protected":false},"excerpt":{"rendered":"<p>Cer\u00e2micas : Revista Trimestral de Cer\u00e2mica art\u00edstica, t\u00e9cnica, industrial e artesanal &#8211; N\u00ba1 \u00a0 Sobre o peri\u00f3dico: Revista dirigida por Alberto Faria Frasco, editada pelo Cencal &#8211; Centro de Forma\u00e7\u00e3o Profissional para a Ind\u00fastria Cer\u00e2mica das Caldas da Rainha, publicada entre dezembro de 1988 e outubro de 1998. Inicialmente trimestral, a sua periocidade foi vari\u00e1vel [&hellip;]<\/p>\n","protected":false},"author":4286,"featured_media":3963,"comment_status":"open","ping_status":"open","sticky":false,"template":"","format":"standard","meta":{"footnotes":""},"categories":[133170,111890,110974,4072,111879,111889],"tags":[],"class_list":["post-3962","post","type-post","status-publish","format-standard","has-post-thumbnail","hentry","category-biblioteca-de-um-ceramista-industrial-1880-1980","category-cencal","category-centro-de-documentacao","category-exposicoes","category-monografias","category-nucleo-4-as-novas-escolas-cencal-esad-ipt","entry-image--portrait"],"_links":{"self":[{"href":"https:\/\/sites.ipleiria.pt\/projetocp2s\/wp-json\/wp\/v2\/posts\/3962","targetHints":{"allow":["GET"]}}],"collection":[{"href":"https:\/\/sites.ipleiria.pt\/projetocp2s\/wp-json\/wp\/v2\/posts"}],"about":[{"href":"https:\/\/sites.ipleiria.pt\/projetocp2s\/wp-json\/wp\/v2\/types\/post"}],"author":[{"embeddable":true,"href":"https:\/\/sites.ipleiria.pt\/projetocp2s\/wp-json\/wp\/v2\/users\/4286"}],"replies":[{"embeddable":true,"href":"https:\/\/sites.ipleiria.pt\/projetocp2s\/wp-json\/wp\/v2\/comments?post=3962"}],"version-history":[{"count":3,"href":"https:\/\/sites.ipleiria.pt\/projetocp2s\/wp-json\/wp\/v2\/posts\/3962\/revisions"}],"predecessor-version":[{"id":4249,"href":"https:\/\/sites.ipleiria.pt\/projetocp2s\/wp-json\/wp\/v2\/posts\/3962\/revisions\/4249"}],"wp:featuredmedia":[{"embeddable":true,"href":"https:\/\/sites.ipleiria.pt\/projetocp2s\/wp-json\/wp\/v2\/media\/3963"}],"wp:attachment":[{"href":"https:\/\/sites.ipleiria.pt\/projetocp2s\/wp-json\/wp\/v2\/media?parent=3962"}],"wp:term":[{"taxonomy":"category","embeddable":true,"href":"https:\/\/sites.ipleiria.pt\/projetocp2s\/wp-json\/wp\/v2\/categories?post=3962"},{"taxonomy":"post_tag","embeddable":true,"href":"https:\/\/sites.ipleiria.pt\/projetocp2s\/wp-json\/wp\/v2\/tags?post=3962"}],"curies":[{"name":"wp","href":"https:\/\/api.w.org\/{rel}","templated":true}]}}