{"id":3967,"date":"2019-03-12T12:52:49","date_gmt":"2019-03-12T12:52:49","guid":{"rendered":"http:\/\/sites.ipleiria.pt\/projetocp2s\/?p=3967"},"modified":"2019-03-18T15:03:26","modified_gmt":"2019-03-18T15:03:26","slug":"ceramicas-revista-trimestral-de-ceramica-artistica-tecnica-industrial-e-artesanal-2","status":"publish","type":"post","link":"https:\/\/sites.ipleiria.pt\/projetocp2s\/2019\/03\/12\/ceramicas-revista-trimestral-de-ceramica-artistica-tecnica-industrial-e-artesanal-2\/","title":{"rendered":"Cer\u00e2micas : Revista Trimestral de Cer\u00e2mica art\u00edstica, t\u00e9cnica, industrial e artesanal"},"content":{"rendered":"\n<blockquote>\n<p><span style=\"font-size: 14pt\">Cer\u00e2micas : Revista Trimestral de Cer\u00e2mica art\u00edstica, t\u00e9cnica, industrial e artesanal &#8211; N\u00ba2<\/span><\/p>\n<\/blockquote>\n<div>\u00a0<\/div>\n<p><strong>Sobre o peri\u00f3dico:<\/strong><\/p>\n<p style=\"text-align: justify\">Revista dirigida por Alberto Faria Frasco, editada pelo Cencal &#8211; Centro de Forma\u00e7\u00e3o Profissional para a Ind\u00fastria Cer\u00e2mica das Caldas da Rainha, publicada entre dezembro de 1988 e outubro de 1998. Inicialmente trimestral, a sua periocidade foi vari\u00e1vel ao longo da sua publica\u00e7\u00e3o, sendo retirada do seu subt\u00edtulo essa indica\u00e7\u00e3o (\u201crevista trimestral\u201d). Trata das v\u00e1rias vertentes da cer\u00e2mica \u2013 art\u00edstica, t\u00e9cnica, industrial e artesanal.<\/p>\n<h2>\u00a0<\/h2>\n<p style=\"text-align: center\"><span style=\"font-size: 10pt\"><span style=\"font-size: 12px\"><img loading=\"lazy\" decoding=\"async\" class=\"alignnone  wp-image-3964\" src=\"http:\/\/sites.ipleiria.pt\/projetocp2s\/files\/2019\/03\/1220_002-210x300.jpg\" alt=\"\" width=\"722\" height=\"1031\" srcset=\"https:\/\/sites.ipleiria.pt\/projetocp2s\/files\/2019\/03\/1220_002-210x300.jpg 210w, https:\/\/sites.ipleiria.pt\/projetocp2s\/files\/2019\/03\/1220_002-768x1097.jpg 768w, https:\/\/sites.ipleiria.pt\/projetocp2s\/files\/2019\/03\/1220_002-717x1024.jpg 717w, https:\/\/sites.ipleiria.pt\/projetocp2s\/files\/2019\/03\/1220_002-7x10.jpg 7w, https:\/\/sites.ipleiria.pt\/projetocp2s\/files\/2019\/03\/1220_002-432x617.jpg 432w, https:\/\/sites.ipleiria.pt\/projetocp2s\/files\/2019\/03\/1220_002-396x566.jpg 396w, https:\/\/sites.ipleiria.pt\/projetocp2s\/files\/2019\/03\/1220_002-1120x1600.jpg 1120w, https:\/\/sites.ipleiria.pt\/projetocp2s\/files\/2019\/03\/1220_002-660x943.jpg 660w, https:\/\/sites.ipleiria.pt\/projetocp2s\/files\/2019\/03\/1220_002-154x220.jpg 154w\" sizes=\"auto, (max-width: 600px) 91vw, (max-width: 900px) 600px, (max-width: 1060px) 50vw, (max-width: 1200px) 520px, (max-width: 1400px) 43vw, 600px\" \/>&#8211; Cer\u00e2micas : Revista Trimestral de Cer\u00e2mica art\u00edstica, t\u00e9cnica, industrial e artesanal. Dir. Alberto Faria Frasco. Ano I, n\u00ba 2 (Mar\u00e7o 1989). Caldas da Rainha: Cencal &#8211; Centro de Forma\u00e7\u00e3o Profissional para a Ind\u00fastria Cer\u00e2mica, 1989<\/span><\/span><\/p>\n<p>\u00a0<\/p>\n","protected":false},"excerpt":{"rendered":"<p>Cer\u00e2micas : Revista Trimestral de Cer\u00e2mica art\u00edstica, t\u00e9cnica, industrial e artesanal &#8211; N\u00ba2 \u00a0 Sobre o peri\u00f3dico: Revista dirigida por Alberto Faria Frasco, editada pelo Cencal &#8211; Centro de Forma\u00e7\u00e3o Profissional para a Ind\u00fastria Cer\u00e2mica das Caldas da Rainha, publicada entre dezembro de 1988 e outubro de 1998. Inicialmente trimestral, a sua periocidade foi vari\u00e1vel [&hellip;]<\/p>\n","protected":false},"author":4286,"featured_media":3964,"comment_status":"open","ping_status":"open","sticky":false,"template":"","format":"standard","meta":{"footnotes":""},"categories":[133170,111890,110974,4072,111879,111889],"tags":[],"class_list":["post-3967","post","type-post","status-publish","format-standard","has-post-thumbnail","hentry","category-biblioteca-de-um-ceramista-industrial-1880-1980","category-cencal","category-centro-de-documentacao","category-exposicoes","category-monografias","category-nucleo-4-as-novas-escolas-cencal-esad-ipt","entry-image--portrait"],"_links":{"self":[{"href":"https:\/\/sites.ipleiria.pt\/projetocp2s\/wp-json\/wp\/v2\/posts\/3967","targetHints":{"allow":["GET"]}}],"collection":[{"href":"https:\/\/sites.ipleiria.pt\/projetocp2s\/wp-json\/wp\/v2\/posts"}],"about":[{"href":"https:\/\/sites.ipleiria.pt\/projetocp2s\/wp-json\/wp\/v2\/types\/post"}],"author":[{"embeddable":true,"href":"https:\/\/sites.ipleiria.pt\/projetocp2s\/wp-json\/wp\/v2\/users\/4286"}],"replies":[{"embeddable":true,"href":"https:\/\/sites.ipleiria.pt\/projetocp2s\/wp-json\/wp\/v2\/comments?post=3967"}],"version-history":[{"count":4,"href":"https:\/\/sites.ipleiria.pt\/projetocp2s\/wp-json\/wp\/v2\/posts\/3967\/revisions"}],"predecessor-version":[{"id":4247,"href":"https:\/\/sites.ipleiria.pt\/projetocp2s\/wp-json\/wp\/v2\/posts\/3967\/revisions\/4247"}],"wp:featuredmedia":[{"embeddable":true,"href":"https:\/\/sites.ipleiria.pt\/projetocp2s\/wp-json\/wp\/v2\/media\/3964"}],"wp:attachment":[{"href":"https:\/\/sites.ipleiria.pt\/projetocp2s\/wp-json\/wp\/v2\/media?parent=3967"}],"wp:term":[{"taxonomy":"category","embeddable":true,"href":"https:\/\/sites.ipleiria.pt\/projetocp2s\/wp-json\/wp\/v2\/categories?post=3967"},{"taxonomy":"post_tag","embeddable":true,"href":"https:\/\/sites.ipleiria.pt\/projetocp2s\/wp-json\/wp\/v2\/tags?post=3967"}],"curies":[{"name":"wp","href":"https:\/\/api.w.org\/{rel}","templated":true}]}}