{"id":3969,"date":"2019-03-12T12:54:22","date_gmt":"2019-03-12T12:54:22","guid":{"rendered":"http:\/\/sites.ipleiria.pt\/projetocp2s\/?p=3969"},"modified":"2019-03-18T15:02:37","modified_gmt":"2019-03-18T15:02:37","slug":"ceramicas-revista-trimestral-de-ceramica-artistica-tecnica-industrial-e-artesanal-3","status":"publish","type":"post","link":"https:\/\/sites.ipleiria.pt\/projetocp2s\/2019\/03\/12\/ceramicas-revista-trimestral-de-ceramica-artistica-tecnica-industrial-e-artesanal-3\/","title":{"rendered":"Cer\u00e2micas : Revista Trimestral de Cer\u00e2mica art\u00edstica, t\u00e9cnica, industrial e artesanal"},"content":{"rendered":"\n<blockquote>\n<p><span style=\"font-size: 14pt\">Cer\u00e2micas : Revista Trimestral de Cer\u00e2mica art\u00edstica, t\u00e9cnica, industrial e artesanal &#8211; N\u00ba7<\/span><\/p>\n<\/blockquote>\n<div>\u00a0<\/div>\n<p><strong>Sobre o peri\u00f3dico:<\/strong><\/p>\n<p style=\"text-align: justify\">Revista dirigida por Alberto Faria Frasco, editada pelo Cencal &#8211; Centro de Forma\u00e7\u00e3o Profissional para a Ind\u00fastria Cer\u00e2mica das Caldas da Rainha, publicada entre dezembro de 1988 e outubro de 1998. Inicialmente trimestral, a sua periocidade foi vari\u00e1vel ao longo da sua publica\u00e7\u00e3o, sendo retirada do seu subt\u00edtulo essa indica\u00e7\u00e3o (\u201crevista trimestral\u201d). Trata das v\u00e1rias vertentes da cer\u00e2mica \u2013 art\u00edstica, t\u00e9cnica, industrial e artesanal.<\/p>\n<div style=\"text-align: justify\">\n<p>\u00a0<\/p>\n<\/div>\n<p style=\"text-align: center\"><span style=\"font-size: 10pt\"><span style=\"font-size: 12px\"><img loading=\"lazy\" decoding=\"async\" class=\"alignnone  wp-image-3965\" src=\"http:\/\/sites.ipleiria.pt\/projetocp2s\/files\/2019\/03\/1220_003-211x300.jpg\" alt=\"\" width=\"710\" height=\"1009\" srcset=\"https:\/\/sites.ipleiria.pt\/projetocp2s\/files\/2019\/03\/1220_003-211x300.jpg 211w, https:\/\/sites.ipleiria.pt\/projetocp2s\/files\/2019\/03\/1220_003-768x1093.jpg 768w, https:\/\/sites.ipleiria.pt\/projetocp2s\/files\/2019\/03\/1220_003-720x1024.jpg 720w, https:\/\/sites.ipleiria.pt\/projetocp2s\/files\/2019\/03\/1220_003-7x10.jpg 7w, https:\/\/sites.ipleiria.pt\/projetocp2s\/files\/2019\/03\/1220_003-432x615.jpg 432w, https:\/\/sites.ipleiria.pt\/projetocp2s\/files\/2019\/03\/1220_003-396x564.jpg 396w, https:\/\/sites.ipleiria.pt\/projetocp2s\/files\/2019\/03\/1220_003-1120x1594.jpg 1120w, https:\/\/sites.ipleiria.pt\/projetocp2s\/files\/2019\/03\/1220_003-660x939.jpg 660w, https:\/\/sites.ipleiria.pt\/projetocp2s\/files\/2019\/03\/1220_003-155x220.jpg 155w\" sizes=\"auto, (max-width: 600px) 91vw, (max-width: 900px) 600px, (max-width: 1060px) 50vw, (max-width: 1200px) 520px, (max-width: 1400px) 43vw, 600px\" \/>&#8211; Cer\u00e2micas : Revista Trimestral de Cer\u00e2mica art\u00edstica, t\u00e9cnica, industrial e artesanal. Dir. Alberto Faria Frasco. Ano II, n\u00ba 7 (Julho 1990). Caldas da Rainha: Cencal &#8211; Centro de Forma\u00e7\u00e3o Profissional para a Ind\u00fastria Cer\u00e2mica, 1990<\/span><\/span><\/p>\n<p>\u00a0<\/p>\n","protected":false},"excerpt":{"rendered":"<p>Cer\u00e2micas : Revista Trimestral de Cer\u00e2mica art\u00edstica, t\u00e9cnica, industrial e artesanal &#8211; N\u00ba7 \u00a0 Sobre o peri\u00f3dico: Revista dirigida por Alberto Faria Frasco, editada pelo Cencal &#8211; Centro de Forma\u00e7\u00e3o Profissional para a Ind\u00fastria Cer\u00e2mica das Caldas da Rainha, publicada entre dezembro de 1988 e outubro de 1998. Inicialmente trimestral, a sua periocidade foi vari\u00e1vel [&hellip;]<\/p>\n","protected":false},"author":4286,"featured_media":3965,"comment_status":"open","ping_status":"open","sticky":false,"template":"","format":"standard","meta":{"footnotes":""},"categories":[133170,111890,110974,4072,111879,111889],"tags":[],"class_list":["post-3969","post","type-post","status-publish","format-standard","has-post-thumbnail","hentry","category-biblioteca-de-um-ceramista-industrial-1880-1980","category-cencal","category-centro-de-documentacao","category-exposicoes","category-monografias","category-nucleo-4-as-novas-escolas-cencal-esad-ipt","entry-image--portrait"],"_links":{"self":[{"href":"https:\/\/sites.ipleiria.pt\/projetocp2s\/wp-json\/wp\/v2\/posts\/3969","targetHints":{"allow":["GET"]}}],"collection":[{"href":"https:\/\/sites.ipleiria.pt\/projetocp2s\/wp-json\/wp\/v2\/posts"}],"about":[{"href":"https:\/\/sites.ipleiria.pt\/projetocp2s\/wp-json\/wp\/v2\/types\/post"}],"author":[{"embeddable":true,"href":"https:\/\/sites.ipleiria.pt\/projetocp2s\/wp-json\/wp\/v2\/users\/4286"}],"replies":[{"embeddable":true,"href":"https:\/\/sites.ipleiria.pt\/projetocp2s\/wp-json\/wp\/v2\/comments?post=3969"}],"version-history":[{"count":4,"href":"https:\/\/sites.ipleiria.pt\/projetocp2s\/wp-json\/wp\/v2\/posts\/3969\/revisions"}],"predecessor-version":[{"id":4245,"href":"https:\/\/sites.ipleiria.pt\/projetocp2s\/wp-json\/wp\/v2\/posts\/3969\/revisions\/4245"}],"wp:featuredmedia":[{"embeddable":true,"href":"https:\/\/sites.ipleiria.pt\/projetocp2s\/wp-json\/wp\/v2\/media\/3965"}],"wp:attachment":[{"href":"https:\/\/sites.ipleiria.pt\/projetocp2s\/wp-json\/wp\/v2\/media?parent=3969"}],"wp:term":[{"taxonomy":"category","embeddable":true,"href":"https:\/\/sites.ipleiria.pt\/projetocp2s\/wp-json\/wp\/v2\/categories?post=3969"},{"taxonomy":"post_tag","embeddable":true,"href":"https:\/\/sites.ipleiria.pt\/projetocp2s\/wp-json\/wp\/v2\/tags?post=3969"}],"curies":[{"name":"wp","href":"https:\/\/api.w.org\/{rel}","templated":true}]}}