{"id":4024,"date":"2019-03-15T19:06:52","date_gmt":"2019-03-15T19:06:52","guid":{"rendered":"http:\/\/sites.ipleiria.pt\/projetocp2s\/?p=4024"},"modified":"2019-03-20T11:53:49","modified_gmt":"2019-03-20T11:53:49","slug":"diario-de-avelino-belo","status":"publish","type":"post","link":"https:\/\/sites.ipleiria.pt\/projetocp2s\/2019\/03\/15\/diario-de-avelino-belo\/","title":{"rendered":"Di\u00e1rio de Avelino Belo"},"content":{"rendered":"\n<blockquote>\n<p><span style=\"font-size: 14pt\">Di\u00e1rio de Avelino Belo<\/span><\/p>\n<\/blockquote>\n<div>\u00a0<\/div>\n<p><strong>Biografia do Autor:<\/strong><\/p>\n<div style=\"text-align: justify\">\n<p>Nascido em 1872 na Murtosa, Avelino foi aluno da Escola Industrial caldense, no \u00e2mbito do protocolo de forma\u00e7\u00e3o acima referido. A aprendizagem fabril revelou um ceramista h\u00e1bil no desenho e competente na t\u00e9cnica, nomeadamente na modela\u00e7\u00e3o, que acompanharia Rafael Bordalo na sua aventura art\u00edstica artesanal, ap\u00f3s a crise e abandono do projecto industrial da F\u00e1brica de Faian\u00e7as das Caldas da Rainha, no princ\u00edpio da d\u00e9cada de 1890. Em 1896, deixa por\u00e9m a companhia de Bordalo e passa a trabalhar numa pequena oficina, denominada Ateli\u00ea Cer\u00e2mico, \u00a0que o Visconde de Sacav\u00e9m criara para apoiar a instala\u00e7\u00e3o do seu palacete nas Caldas da Rainha (actual edif\u00edcio do Museu de Cer\u00e2mica). Em 1899, Avelino estabelece-se por conta pr\u00f3pria, fundando o que tamb\u00e9m designou inicialmente por Ateli\u00ea Cer\u00e2mico,\u00a0 entre a rua das Olarias e a Rua da F\u00e9 (hoje Rua Avelino Belo). Morreu tragicamente em 1927, sendo a empresa continuada por seu filho Jos\u00e9, um ceramista com uma s\u00f3lida prepara\u00e7\u00e3o, que assegurou ao longo de d\u00e9cadas um dos fabricos mais evolu\u00eddos tecnicamente da cer\u00e2mica tradicional caldense. Jos\u00e9 Belo herdou do pai o esp\u00edrito curioso e inovador.<\/p>\n<\/div>\n<h1>\u00a0<\/h1>\n<p><strong>Resumo da Monografia:<\/strong><\/p>\n<p style=\"text-align: justify\">Este di\u00e1rio, propriedade de Avelino Belo, fundador da F\u00e1brica Belo, comporta uma s\u00e9rie de anota\u00e7\u00f5es relativas aos trabalhos realizados e\/ou a realizar na sua f\u00e1brica, com descri\u00e7\u00e3o de pe\u00e7as, dividido por semana e dias de semana, com in\u00edcio na semana de 1 a 7 de setembro de 1895 e fim na semana de 1 a 7 de janeiro de 1899. Cerca de metade do di\u00e1rio est\u00e1 em branco.<\/p>\n<h2>\u00a0<\/h2>\n<p style=\"text-align: center\"><span style=\"font-size: 10pt\"><span style=\"font-size: 12px\"><img loading=\"lazy\" decoding=\"async\" class=\"alignnone  wp-image-4025\" src=\"http:\/\/sites.ipleiria.pt\/projetocp2s\/files\/2019\/03\/1332_001-300x239.jpg\" alt=\"\" width=\"626\" height=\"499\" srcset=\"https:\/\/sites.ipleiria.pt\/projetocp2s\/files\/2019\/03\/1332_001-300x239.jpg 300w, https:\/\/sites.ipleiria.pt\/projetocp2s\/files\/2019\/03\/1332_001-768x611.jpg 768w, https:\/\/sites.ipleiria.pt\/projetocp2s\/files\/2019\/03\/1332_001-1024x815.jpg 1024w, https:\/\/sites.ipleiria.pt\/projetocp2s\/files\/2019\/03\/1332_001-10x8.jpg 10w, https:\/\/sites.ipleiria.pt\/projetocp2s\/files\/2019\/03\/1332_001-432x344.jpg 432w, https:\/\/sites.ipleiria.pt\/projetocp2s\/files\/2019\/03\/1332_001-396x315.jpg 396w, https:\/\/sites.ipleiria.pt\/projetocp2s\/files\/2019\/03\/1332_001-1120x891.jpg 1120w, https:\/\/sites.ipleiria.pt\/projetocp2s\/files\/2019\/03\/1332_001-660x525.jpg 660w, https:\/\/sites.ipleiria.pt\/projetocp2s\/files\/2019\/03\/1332_001-276x220.jpg 276w\" sizes=\"auto, (max-width: 600px) 91vw, (max-width: 900px) 600px, (max-width: 1060px) 50vw, (max-width: 1200px) 520px, (max-width: 1400px) 43vw, 600px\" \/>&#8211; BELO, Avelino &#8211; [Di\u00e1rio de Avelino Belo]. Jul. 1895 a Jan. 1899. Acess\u00edvel no Centro de Documenta\u00e7\u00e3o do Museu da Cer\u00e2mica das Caldas da Rainha<\/span><\/span><\/p>\n<p>\u00a0<\/p>\n","protected":false},"excerpt":{"rendered":"<p>Di\u00e1rio de Avelino Belo \u00a0 Biografia do Autor: Nascido em 1872 na Murtosa, Avelino foi aluno da Escola Industrial caldense, no \u00e2mbito do protocolo de forma\u00e7\u00e3o acima referido. A aprendizagem fabril revelou um ceramista h\u00e1bil no desenho e competente na t\u00e9cnica, nomeadamente na modela\u00e7\u00e3o, que acompanharia Rafael Bordalo na sua aventura art\u00edstica artesanal, ap\u00f3s a [&hellip;]<\/p>\n","protected":false},"author":4286,"featured_media":4025,"comment_status":"open","ping_status":"open","sticky":false,"template":"","format":"standard","meta":{"footnotes":""},"categories":[133170,110974,4072,111879,111887],"tags":[],"class_list":["post-4024","post","type-post","status-publish","format-standard","has-post-thumbnail","hentry","category-biblioteca-de-um-ceramista-industrial-1880-1980","category-centro-de-documentacao","category-exposicoes","category-monografias","category-nucleo-a-fabrica-belo","entry-image--landscape"],"_links":{"self":[{"href":"https:\/\/sites.ipleiria.pt\/projetocp2s\/wp-json\/wp\/v2\/posts\/4024","targetHints":{"allow":["GET"]}}],"collection":[{"href":"https:\/\/sites.ipleiria.pt\/projetocp2s\/wp-json\/wp\/v2\/posts"}],"about":[{"href":"https:\/\/sites.ipleiria.pt\/projetocp2s\/wp-json\/wp\/v2\/types\/post"}],"author":[{"embeddable":true,"href":"https:\/\/sites.ipleiria.pt\/projetocp2s\/wp-json\/wp\/v2\/users\/4286"}],"replies":[{"embeddable":true,"href":"https:\/\/sites.ipleiria.pt\/projetocp2s\/wp-json\/wp\/v2\/comments?post=4024"}],"version-history":[{"count":4,"href":"https:\/\/sites.ipleiria.pt\/projetocp2s\/wp-json\/wp\/v2\/posts\/4024\/revisions"}],"predecessor-version":[{"id":4243,"href":"https:\/\/sites.ipleiria.pt\/projetocp2s\/wp-json\/wp\/v2\/posts\/4024\/revisions\/4243"}],"wp:featuredmedia":[{"embeddable":true,"href":"https:\/\/sites.ipleiria.pt\/projetocp2s\/wp-json\/wp\/v2\/media\/4025"}],"wp:attachment":[{"href":"https:\/\/sites.ipleiria.pt\/projetocp2s\/wp-json\/wp\/v2\/media?parent=4024"}],"wp:term":[{"taxonomy":"category","embeddable":true,"href":"https:\/\/sites.ipleiria.pt\/projetocp2s\/wp-json\/wp\/v2\/categories?post=4024"},{"taxonomy":"post_tag","embeddable":true,"href":"https:\/\/sites.ipleiria.pt\/projetocp2s\/wp-json\/wp\/v2\/tags?post=4024"}],"curies":[{"name":"wp","href":"https:\/\/api.w.org\/{rel}","templated":true}]}}