{"id":4505,"date":"2019-03-20T12:48:56","date_gmt":"2019-03-20T12:48:56","guid":{"rendered":"http:\/\/sites.ipleiria.pt\/projetocp2s\/?p=4505"},"modified":"2019-03-26T22:37:59","modified_gmt":"2019-03-26T22:37:59","slug":"bloco-de-apontamentos-sobre-pastas-e-vidrados-ceramicos","status":"publish","type":"post","link":"https:\/\/sites.ipleiria.pt\/projetocp2s\/2019\/03\/20\/bloco-de-apontamentos-sobre-pastas-e-vidrados-ceramicos\/","title":{"rendered":"Bloco de apontamentos"},"content":{"rendered":"\n<blockquote>\n<p><span style=\"font-size: 14pt\">Bloco de apontamentos sobre pastas e vidrados cer\u00e2micos<\/span><\/p>\n<\/blockquote>\n<h2>&nbsp;<\/h2>\n<p><strong>Resumo do bloco:<\/strong><\/p>\n<p>No presente bloco, Ant\u00f3nio Cardoso anotou os as composi\u00e7\u00f5es, os testes e respetivos resultados, e os relat\u00f3rios dessas experimenta\u00e7\u00f5es que protagonizou sobre pastas cer\u00e2micas e vidrados no laborat\u00f3rio da SECLA. A primeira entrada do bloco data de 23.07.1962 e a \u00faltima de 22.01.1964.<\/p>\n<h2>&nbsp;<\/h2>\n<p style=\"text-align: center\"><span style=\"font-size: 10pt\"><span style=\"font-size: 12px\"><img loading=\"lazy\" decoding=\"async\" class=\"alignnone  wp-image-4798\" src=\"http:\/\/sites.ipleiria.pt\/projetocp2s\/files\/2019\/03\/Sem-T\u00edtulo-1-209x300.png\" alt=\"\" width=\"739\" height=\"1061\" srcset=\"https:\/\/sites.ipleiria.pt\/projetocp2s\/files\/2019\/03\/Sem-T\u00edtulo-1-209x300.png 209w, https:\/\/sites.ipleiria.pt\/projetocp2s\/files\/2019\/03\/Sem-T\u00edtulo-1-7x10.png 7w, https:\/\/sites.ipleiria.pt\/projetocp2s\/files\/2019\/03\/Sem-T\u00edtulo-1-396x569.png 396w, https:\/\/sites.ipleiria.pt\/projetocp2s\/files\/2019\/03\/Sem-T\u00edtulo-1-153x220.png 153w, https:\/\/sites.ipleiria.pt\/projetocp2s\/files\/2019\/03\/Sem-T\u00edtulo-1.png 397w\" sizes=\"auto, (max-width: 600px) 91vw, (max-width: 900px) 600px, (max-width: 1060px) 50vw, (max-width: 1200px) 520px, (max-width: 1400px) 43vw, 600px\" \/>&#8211; <\/span><\/span><span style=\"font-size: 12px\">CARDOSO, Ant\u00f3nio \u2013 <em>[Bloco de apontamentos sobre pastas e vidrados cer\u00e2micos]<\/em> [Manuscrito]. 1962-1964. 68 f. Cole\u00e7\u00e3o particular de Ant\u00f3nio Cardoso<\/span><\/p>\n<p>&nbsp;<\/p>\n","protected":false},"excerpt":{"rendered":"<p>Bloco de apontamentos sobre pastas e vidrados cer\u00e2micos &nbsp; Resumo do bloco: No presente bloco, Ant\u00f3nio Cardoso anotou os as composi\u00e7\u00f5es, os testes e respetivos resultados, e os relat\u00f3rios dessas experimenta\u00e7\u00f5es que protagonizou sobre pastas cer\u00e2micas e vidrados no laborat\u00f3rio da SECLA. A primeira entrada do bloco data de 23.07.1962 e a \u00faltima de 22.01.1964. [&hellip;]<\/p>\n","protected":false},"author":4288,"featured_media":4798,"comment_status":"open","ping_status":"open","sticky":false,"template":"","format":"standard","meta":{"footnotes":""},"categories":[133170,110974,4072,111879,111888],"tags":[],"class_list":["post-4505","post","type-post","status-publish","format-standard","has-post-thumbnail","hentry","category-biblioteca-de-um-ceramista-industrial-1880-1980","category-centro-de-documentacao","category-exposicoes","category-monografias","category-nucleo-3-a-fabrica-secla","entry-image--portrait"],"_links":{"self":[{"href":"https:\/\/sites.ipleiria.pt\/projetocp2s\/wp-json\/wp\/v2\/posts\/4505","targetHints":{"allow":["GET"]}}],"collection":[{"href":"https:\/\/sites.ipleiria.pt\/projetocp2s\/wp-json\/wp\/v2\/posts"}],"about":[{"href":"https:\/\/sites.ipleiria.pt\/projetocp2s\/wp-json\/wp\/v2\/types\/post"}],"author":[{"embeddable":true,"href":"https:\/\/sites.ipleiria.pt\/projetocp2s\/wp-json\/wp\/v2\/users\/4288"}],"replies":[{"embeddable":true,"href":"https:\/\/sites.ipleiria.pt\/projetocp2s\/wp-json\/wp\/v2\/comments?post=4505"}],"version-history":[{"count":5,"href":"https:\/\/sites.ipleiria.pt\/projetocp2s\/wp-json\/wp\/v2\/posts\/4505\/revisions"}],"predecessor-version":[{"id":5490,"href":"https:\/\/sites.ipleiria.pt\/projetocp2s\/wp-json\/wp\/v2\/posts\/4505\/revisions\/5490"}],"wp:featuredmedia":[{"embeddable":true,"href":"https:\/\/sites.ipleiria.pt\/projetocp2s\/wp-json\/wp\/v2\/media\/4798"}],"wp:attachment":[{"href":"https:\/\/sites.ipleiria.pt\/projetocp2s\/wp-json\/wp\/v2\/media?parent=4505"}],"wp:term":[{"taxonomy":"category","embeddable":true,"href":"https:\/\/sites.ipleiria.pt\/projetocp2s\/wp-json\/wp\/v2\/categories?post=4505"},{"taxonomy":"post_tag","embeddable":true,"href":"https:\/\/sites.ipleiria.pt\/projetocp2s\/wp-json\/wp\/v2\/tags?post=4505"}],"curies":[{"name":"wp","href":"https:\/\/api.w.org\/{rel}","templated":true}]}}