{"id":5491,"date":"2019-03-26T22:42:02","date_gmt":"2019-03-26T22:42:02","guid":{"rendered":"http:\/\/sites.ipleiria.pt\/projetocp2s\/?p=5491"},"modified":"2019-03-26T23:01:58","modified_gmt":"2019-03-26T23:01:58","slug":"exposicao-biblioteca-de-um-ceramista-industrial-1880-1980","status":"publish","type":"post","link":"https:\/\/sites.ipleiria.pt\/projetocp2s\/2019\/03\/26\/exposicao-biblioteca-de-um-ceramista-industrial-1880-1980\/","title":{"rendered":"Exposi\u00e7\u00e3o &#8220;Biblioteca de um Ceramista Industrial (1880-1980)&#8221;"},"content":{"rendered":"\n<blockquote>\n<p><span style=\"font-size: 14pt\">Viral Agenda<\/span><\/p>\n<\/blockquote>\n<div>\u00a0<\/div>\n<div style=\"text-align: justify\">&#8220;A Escola Superior de Artes e Design das Caldas da Rainha do Instituto Polit\u00e9cnico de Leiria (ESAD.CR \/ IPLeiria) e o Laborat\u00f3rio de Investiga\u00e7\u00e3o de Design e Artes (LIDA), no \u00e2mbito do Projeto de Investiga\u00e7\u00e3o CP2S, Cer\u00e2mica, Patrim\u00f3nio e Produto Sustent\u00e1vel \u2013 do ensino \u00e0 ind\u00fastria, convidam para a inaugura\u00e7\u00e3o da Exposi\u00e7\u00e3o \u201cBiblioteca de um ceramista Industrial (1880 &#8211; 1980)\u201d, no dia 20 de mar\u00e7o de 2019, pelas 14:00h, no \u00e1trio do audit\u00f3rio 1, do EP1 da ESAD.CR.\u200b<\/div>\n<div style=\"text-align: justify\">A investiga\u00e7\u00e3o que conduziu a esta exposi\u00e7\u00e3o procurou identificar as obras de refer\u00eancia dos industriais e t\u00e9cnicos de cer\u00e2mica ao longo de uma centena de anos, desde o in\u00edcio da ind\u00fastria moderna, na d\u00e9cada de 1880. Esta biblioteca imagin\u00e1ria organiza-se em quatro n\u00facleos. O primeiro re\u00fane alguns dos manuais que teriam feto parte da biblioteca da F\u00e1brica de Faian\u00e7as das Caldas da Rainha e da Escola Industrial das Caldas da Rainha, surgidas, em estreita articula\u00e7\u00e3o, em 1884 e 1886. O segundo elenca as obras do Laborat\u00f3rio do Ateli\u00ea Cer\u00e2mico de Avelino Belo e da Faian\u00e7as Belo que lhe sucedeu, na d\u00e9cada de 1920. O terceiro reconstitui o acervo de livros do Laborat\u00f3rio da Sociedade de Exporta\u00e7\u00e3o e Cer\u00e2mica Lda (SECLA) do tempo de Alberto Pinto Ribeiro e de Ant\u00f3nio Cardoso, nas d\u00e9cadas de 1950 e 1960. Finalmente, o quarto n\u00facleo re\u00fane algumas das bibliografias das institui\u00e7\u00f5es de forma\u00e7\u00e3o e ensino surgidas na \u00e1rea da cer\u00e2mica na d\u00e9cada de 1980: o Centro de Forma\u00e7\u00e3o Profissional para a Ind\u00fastria Cer\u00e2mica (CENCAL), a Escola Superior de Arte e Design (ESAD) e o Instituto Polit\u00e9cnico de Tomar (IPT).&#8221;<\/div>\n<p><a href=\"https:\/\/www.viralagenda.com\/pt\/events\/717580\/exposicao-biblioteca-de-um-ceramista-industrial-1880-1980\"><strong>(Consulte aqui a Not\u00edcia na integra)<\/strong><\/a><\/p>\n<p>\u00a0<\/p>\n<p>\u00a0<\/p>\n","protected":false},"excerpt":{"rendered":"<p>Viral Agenda \u00a0 &#8220;A Escola Superior de Artes e Design das Caldas da Rainha do Instituto Polit\u00e9cnico de Leiria (ESAD.CR \/ IPLeiria) e o Laborat\u00f3rio de Investiga\u00e7\u00e3o de Design e Artes (LIDA), no \u00e2mbito do Projeto de Investiga\u00e7\u00e3o CP2S, Cer\u00e2mica, Patrim\u00f3nio e Produto Sustent\u00e1vel \u2013 do ensino \u00e0 ind\u00fastria, convidam para a inaugura\u00e7\u00e3o da Exposi\u00e7\u00e3o [&hellip;]<\/p>\n","protected":false},"author":4286,"featured_media":0,"comment_status":"open","ping_status":"open","sticky":false,"template":"","format":"standard","meta":{"footnotes":""},"categories":[111894,9],"tags":[],"class_list":["post-5491","post","type-post","status-publish","format-standard","hentry","category-exposicao-biblioteca-de-um-ceramista-industrial-1880-1980","category-noticias","entry-image--landscape"],"_links":{"self":[{"href":"https:\/\/sites.ipleiria.pt\/projetocp2s\/wp-json\/wp\/v2\/posts\/5491","targetHints":{"allow":["GET"]}}],"collection":[{"href":"https:\/\/sites.ipleiria.pt\/projetocp2s\/wp-json\/wp\/v2\/posts"}],"about":[{"href":"https:\/\/sites.ipleiria.pt\/projetocp2s\/wp-json\/wp\/v2\/types\/post"}],"author":[{"embeddable":true,"href":"https:\/\/sites.ipleiria.pt\/projetocp2s\/wp-json\/wp\/v2\/users\/4286"}],"replies":[{"embeddable":true,"href":"https:\/\/sites.ipleiria.pt\/projetocp2s\/wp-json\/wp\/v2\/comments?post=5491"}],"version-history":[{"count":2,"href":"https:\/\/sites.ipleiria.pt\/projetocp2s\/wp-json\/wp\/v2\/posts\/5491\/revisions"}],"predecessor-version":[{"id":5497,"href":"https:\/\/sites.ipleiria.pt\/projetocp2s\/wp-json\/wp\/v2\/posts\/5491\/revisions\/5497"}],"wp:attachment":[{"href":"https:\/\/sites.ipleiria.pt\/projetocp2s\/wp-json\/wp\/v2\/media?parent=5491"}],"wp:term":[{"taxonomy":"category","embeddable":true,"href":"https:\/\/sites.ipleiria.pt\/projetocp2s\/wp-json\/wp\/v2\/categories?post=5491"},{"taxonomy":"post_tag","embeddable":true,"href":"https:\/\/sites.ipleiria.pt\/projetocp2s\/wp-json\/wp\/v2\/tags?post=5491"}],"curies":[{"name":"wp","href":"https:\/\/api.w.org\/{rel}","templated":true}]}}