{"id":5500,"date":"2019-03-26T22:56:56","date_gmt":"2019-03-26T22:56:56","guid":{"rendered":"http:\/\/sites.ipleiria.pt\/projetocp2s\/?p=5500"},"modified":"2019-03-26T23:04:11","modified_gmt":"2019-03-26T23:04:11","slug":"apresentacao-de-projeto-de-investigacao","status":"publish","type":"post","link":"https:\/\/sites.ipleiria.pt\/projetocp2s\/2019\/03\/26\/apresentacao-de-projeto-de-investigacao\/","title":{"rendered":"Apresenta\u00e7\u00e3o de projeto de investiga\u00e7\u00e3o"},"content":{"rendered":"\n<blockquote>\n<p><span style=\"font-size: 14pt\">Jornal das Caldas<\/span><\/p>\n<\/blockquote>\n<div>\u00a0<\/div>\n<div style=\"text-align: justify\"><span style=\"font-family: arial, helvetica, sans-serif\">&#8220;A Escola Superior de Artes e Design das Caldas da Rainha e o Laborat\u00f3rio de Investiga\u00e7\u00e3o de Design e Artes, no \u00e2mbito do projeto de investiga\u00e7\u00e3o CP2S, Cer\u00e2mica, Patrim\u00f3nio e Produto Sustent\u00e1vel \u2013 do ensino \u00e0 ind\u00fastria, realizam o semin\u00e1rio final \u2013 apresenta\u00e7\u00e3o p\u00fablica dos resultados, nesta quarta-feira, dia 20 de mar\u00e7o, pelas 14h, no audit\u00f3rio da escola.<\/span>\n<p><span style=\"font-family: arial, helvetica, sans-serif\">Este semin\u00e1rio final faz a divulga\u00e7\u00e3o p\u00fablica dos principais resultados obtidos nas v\u00e1rias atividades inscritas no projeto de investiga\u00e7\u00e3o, a sua discuss\u00e3o cr\u00edtica e a reflex\u00e3o sobre oportunidades de investiga\u00e7\u00e3o futuras que possam dar sequ\u00eancia a este trabalho.&#8221;<\/span><\/p>\n<\/div>\n<p><a href=\"https:\/\/jornaldascaldas.com\/Apresentacao_de_projeto_de_investigacao\"><span style=\"font-family: arial, helvetica, sans-serif\"><strong>(Consulte aqui a Not\u00edcia na integra)<\/strong><\/span><\/a><\/p>\n<p>\u00a0<\/p>\n","protected":false},"excerpt":{"rendered":"<p>Jornal das Caldas \u00a0 &#8220;A Escola Superior de Artes e Design das Caldas da Rainha e o Laborat\u00f3rio de Investiga\u00e7\u00e3o de Design e Artes, no \u00e2mbito do projeto de investiga\u00e7\u00e3o CP2S, Cer\u00e2mica, Patrim\u00f3nio e Produto Sustent\u00e1vel \u2013 do ensino \u00e0 ind\u00fastria, realizam o semin\u00e1rio final \u2013 apresenta\u00e7\u00e3o p\u00fablica dos resultados, nesta quarta-feira, dia 20 de [&hellip;]<\/p>\n","protected":false},"author":4286,"featured_media":0,"comment_status":"open","ping_status":"open","sticky":false,"template":"","format":"standard","meta":{"footnotes":""},"categories":[9,111895],"tags":[],"class_list":["post-5500","post","type-post","status-publish","format-standard","hentry","category-noticias","category-seminario-final-apresentacao-de-resultados","entry-image--landscape"],"_links":{"self":[{"href":"https:\/\/sites.ipleiria.pt\/projetocp2s\/wp-json\/wp\/v2\/posts\/5500","targetHints":{"allow":["GET"]}}],"collection":[{"href":"https:\/\/sites.ipleiria.pt\/projetocp2s\/wp-json\/wp\/v2\/posts"}],"about":[{"href":"https:\/\/sites.ipleiria.pt\/projetocp2s\/wp-json\/wp\/v2\/types\/post"}],"author":[{"embeddable":true,"href":"https:\/\/sites.ipleiria.pt\/projetocp2s\/wp-json\/wp\/v2\/users\/4286"}],"replies":[{"embeddable":true,"href":"https:\/\/sites.ipleiria.pt\/projetocp2s\/wp-json\/wp\/v2\/comments?post=5500"}],"version-history":[{"count":1,"href":"https:\/\/sites.ipleiria.pt\/projetocp2s\/wp-json\/wp\/v2\/posts\/5500\/revisions"}],"predecessor-version":[{"id":5501,"href":"https:\/\/sites.ipleiria.pt\/projetocp2s\/wp-json\/wp\/v2\/posts\/5500\/revisions\/5501"}],"wp:attachment":[{"href":"https:\/\/sites.ipleiria.pt\/projetocp2s\/wp-json\/wp\/v2\/media?parent=5500"}],"wp:term":[{"taxonomy":"category","embeddable":true,"href":"https:\/\/sites.ipleiria.pt\/projetocp2s\/wp-json\/wp\/v2\/categories?post=5500"},{"taxonomy":"post_tag","embeddable":true,"href":"https:\/\/sites.ipleiria.pt\/projetocp2s\/wp-json\/wp\/v2\/tags?post=5500"}],"curies":[{"name":"wp","href":"https:\/\/api.w.org\/{rel}","templated":true}]}}