{"id":5504,"date":"2019-03-26T23:00:46","date_gmt":"2019-03-26T23:00:46","guid":{"rendered":"http:\/\/sites.ipleiria.pt\/projetocp2s\/?p=5504"},"modified":"2019-03-26T23:04:46","modified_gmt":"2019-03-26T23:04:46","slug":"futuro-dos-museus-caldenses-em-debate-na-esad","status":"publish","type":"post","link":"https:\/\/sites.ipleiria.pt\/projetocp2s\/2019\/03\/26\/futuro-dos-museus-caldenses-em-debate-na-esad\/","title":{"rendered":"Futuro dos museus caldenses em debate na ESAD"},"content":{"rendered":"\n<blockquote>\n<p><span style=\"font-size: 14pt\">Gazeta das Caldas<\/span><\/p>\n<\/blockquote>\n<div>\u00a0<\/div>\n<div style=\"text-align: justify\"><span style=\"font-family: arial, helvetica, sans-serif\">&#8220;O historiador Jo\u00e3o Serra vai propor um conjunto de medidas para reorganizar a oferta museol\u00f3gica da cer\u00e2mica nas Caldas da Rainha num semin\u00e1rio que se vai realizar a 20 de Mar\u00e7o, a partir das 14h00, na ESAD.<br \/>Nesta iniciativa ser\u00e3o apresentados resultados do projecto de investiga\u00e7\u00e3o Cer\u00e2mica, Patrim\u00f3nio e Produto Sustent\u00e1vel, feito no \u00e2mbito da Molda e do Laborat\u00f3rio de Investiga\u00e7\u00e3o de Design e Artes.<br \/>As medidas apresentadas para a reorganiza\u00e7\u00e3o da oferta museol\u00f3gica da cer\u00e2mica ser\u00e3o comentadas por In\u00eas Moreira, arquitecta e docente de Patrim\u00f3nio na Faculdade de Belas Artes do Porto, seguindo-se uma mesa-redonda orientada pelo director da Gazeta das Caldas e professor da ESAD, Jos\u00e9 Luiz de Almeida e Silva.\u00a0<br \/>Durante a iniciativa ser\u00e1 tamb\u00e9m lan\u00e7ado o cat\u00e1logo da exposi\u00e7\u00e3o \u201cProduto Pr\u00f3prio: colabora\u00e7\u00e3o entre artistas pl\u00e1sticos e a ind\u00fastria cer\u00e2mica na Secla\u201d, efectuada em Junho de 2018 no Museu Barata Feyo. Ser\u00e1 tamb\u00e9m inaugurada, na ESAD, a exposi\u00e7\u00e3o \u201cBiblioteca de um Ceramista Industrial, 1880-1980\u201d.<\/span><span style=\"font-family: arial, helvetica, sans-serif\">&#8220;<\/span><\/div>\n<p><a href=\"https:\/\/gazetacaldas.com\/cultura\/futuro-dos-museus-caldenses-em-debate-na-esad\/\"><span style=\"font-family: arial, helvetica, sans-serif\"><strong>(Consulte aqui a Not\u00edcia na integra)<\/strong><\/span><\/a><\/p>\n<p>\u00a0<\/p>\n","protected":false},"excerpt":{"rendered":"<p>Gazeta das Caldas \u00a0 &#8220;O historiador Jo\u00e3o Serra vai propor um conjunto de medidas para reorganizar a oferta museol\u00f3gica da cer\u00e2mica nas Caldas da Rainha num semin\u00e1rio que se vai realizar a 20 de Mar\u00e7o, a partir das 14h00, na ESAD.Nesta iniciativa ser\u00e3o apresentados resultados do projecto de investiga\u00e7\u00e3o Cer\u00e2mica, Patrim\u00f3nio e Produto Sustent\u00e1vel, feito [&hellip;]<\/p>\n","protected":false},"author":4286,"featured_media":0,"comment_status":"open","ping_status":"open","sticky":false,"template":"","format":"standard","meta":{"footnotes":""},"categories":[111894,9,111895],"tags":[],"class_list":["post-5504","post","type-post","status-publish","format-standard","hentry","category-exposicao-biblioteca-de-um-ceramista-industrial-1880-1980","category-noticias","category-seminario-final-apresentacao-de-resultados","entry-image--landscape"],"_links":{"self":[{"href":"https:\/\/sites.ipleiria.pt\/projetocp2s\/wp-json\/wp\/v2\/posts\/5504","targetHints":{"allow":["GET"]}}],"collection":[{"href":"https:\/\/sites.ipleiria.pt\/projetocp2s\/wp-json\/wp\/v2\/posts"}],"about":[{"href":"https:\/\/sites.ipleiria.pt\/projetocp2s\/wp-json\/wp\/v2\/types\/post"}],"author":[{"embeddable":true,"href":"https:\/\/sites.ipleiria.pt\/projetocp2s\/wp-json\/wp\/v2\/users\/4286"}],"replies":[{"embeddable":true,"href":"https:\/\/sites.ipleiria.pt\/projetocp2s\/wp-json\/wp\/v2\/comments?post=5504"}],"version-history":[{"count":1,"href":"https:\/\/sites.ipleiria.pt\/projetocp2s\/wp-json\/wp\/v2\/posts\/5504\/revisions"}],"predecessor-version":[{"id":5505,"href":"https:\/\/sites.ipleiria.pt\/projetocp2s\/wp-json\/wp\/v2\/posts\/5504\/revisions\/5505"}],"wp:attachment":[{"href":"https:\/\/sites.ipleiria.pt\/projetocp2s\/wp-json\/wp\/v2\/media?parent=5504"}],"wp:term":[{"taxonomy":"category","embeddable":true,"href":"https:\/\/sites.ipleiria.pt\/projetocp2s\/wp-json\/wp\/v2\/categories?post=5504"},{"taxonomy":"post_tag","embeddable":true,"href":"https:\/\/sites.ipleiria.pt\/projetocp2s\/wp-json\/wp\/v2\/tags?post=5504"}],"curies":[{"name":"wp","href":"https:\/\/api.w.org\/{rel}","templated":true}]}}