{"id":132,"date":"2023-04-24T10:39:42","date_gmt":"2023-04-24T10:39:42","guid":{"rendered":"https:\/\/sites.ipleiria.pt\/sentadosnomocho\/?p=132"},"modified":"2023-04-26T12:48:10","modified_gmt":"2023-04-26T12:48:10","slug":"miguel-sousa-tavares","status":"publish","type":"post","link":"https:\/\/sites.ipleiria.pt\/sentadosnomocho\/miguel-sousa-tavares\/","title":{"rendered":"Miguel Sousa Tavares"},"content":{"rendered":"\t\t<div data-elementor-type=\"wp-post\" data-elementor-id=\"132\" class=\"elementor elementor-132\">\n\t\t\t\t\t\t<section class=\"elementor-section elementor-top-section elementor-element elementor-element-81f95f5 elementor-section-boxed elementor-section-height-default elementor-section-height-default\" data-id=\"81f95f5\" data-element_type=\"section\">\n\t\t\t\t\t\t<div class=\"elementor-container elementor-column-gap-default\">\n\t\t\t\t\t<div class=\"elementor-column elementor-col-100 elementor-top-column elementor-element elementor-element-8f88cc1\" data-id=\"8f88cc1\" data-element_type=\"column\">\n\t\t\t<div class=\"elementor-widget-wrap elementor-element-populated\">\n\t\t\t\t\t\t<div class=\"elementor-element elementor-element-b2182e9 elementor-widget elementor-widget-image\" data-id=\"b2182e9\" data-element_type=\"widget\" data-widget_type=\"image.default\">\n\t\t\t\t<div class=\"elementor-widget-container\">\n\t\t\t\t\t\t\t\t\t\t\t\t\t\t\t<img fetchpriority=\"high\" decoding=\"async\" width=\"300\" height=\"300\" src=\"https:\/\/sites.ipleiria.pt\/sentadosnomocho\/files\/2023\/04\/MiguelSousaTavares-300x300.png\" class=\"attachment-medium size-medium wp-image-581\" alt=\"\" srcset=\"https:\/\/sites.ipleiria.pt\/sentadosnomocho\/files\/2023\/04\/MiguelSousaTavares-300x300.png 300w, https:\/\/sites.ipleiria.pt\/sentadosnomocho\/files\/2023\/04\/MiguelSousaTavares-1024x1024.png 1024w, https:\/\/sites.ipleiria.pt\/sentadosnomocho\/files\/2023\/04\/MiguelSousaTavares-150x150.png 150w, https:\/\/sites.ipleiria.pt\/sentadosnomocho\/files\/2023\/04\/MiguelSousaTavares-768x768.png 768w, https:\/\/sites.ipleiria.pt\/sentadosnomocho\/files\/2023\/04\/elementor\/thumbs\/MiguelSousaTavares-q5h71sjdstlnkehw1sm2500jqqlh8gojfobic2z2kw.png 200w, https:\/\/sites.ipleiria.pt\/sentadosnomocho\/files\/2023\/04\/MiguelSousaTavares.png 1080w\" sizes=\"(max-width: 300px) 100vw, 300px\" \/>\t\t\t\t\t\t\t\t\t\t\t\t\t\t\t<\/div>\n\t\t\t\t<\/div>\n\t\t\t\t\t<\/div>\n\t\t<\/div>\n\t\t\t\t\t<\/div>\n\t\t<\/section>\n\t\t\t\t<section class=\"elementor-section elementor-top-section elementor-element elementor-element-e90609b elementor-section-boxed elementor-section-height-default elementor-section-height-default\" data-id=\"e90609b\" data-element_type=\"section\">\n\t\t\t\t\t\t<div class=\"elementor-container elementor-column-gap-default\">\n\t\t\t\t\t<div class=\"elementor-column elementor-col-100 elementor-top-column elementor-element elementor-element-0cc0920\" data-id=\"0cc0920\" data-element_type=\"column\">\n\t\t\t<div class=\"elementor-widget-wrap elementor-element-populated\">\n\t\t\t\t\t\t<div class=\"elementor-element elementor-element-e8cb4cb elementor-widget elementor-widget-text-editor\" data-id=\"e8cb4cb\" data-element_type=\"widget\" data-widget_type=\"text-editor.default\">\n\t\t\t\t<div class=\"elementor-widget-container\">\n\t\t\t\t\t\t\t\t\t<h2 style=\"text-align: center\">Miguel Sousa Tavares<\/h2>\t\t\t\t\t\t\t\t<\/div>\n\t\t\t\t<\/div>\n\t\t\t\t\t<\/div>\n\t\t<\/div>\n\t\t\t\t\t<\/div>\n\t\t<\/section>\n\t\t\t\t<section class=\"elementor-section elementor-top-section elementor-element elementor-element-1c25668 elementor-section-boxed elementor-section-height-default elementor-section-height-default\" data-id=\"1c25668\" data-element_type=\"section\">\n\t\t\t\t\t\t<div class=\"elementor-container elementor-column-gap-default\">\n\t\t\t\t\t<div class=\"elementor-column elementor-col-100 elementor-top-column elementor-element elementor-element-412669c\" data-id=\"412669c\" data-element_type=\"column\">\n\t\t\t<div class=\"elementor-widget-wrap elementor-element-populated\">\n\t\t\t\t\t\t<div class=\"elementor-element elementor-element-55402a5 elementor-widget elementor-widget-text-editor\" data-id=\"55402a5\" data-element_type=\"widget\" data-widget_type=\"text-editor.default\">\n\t\t\t\t<div class=\"elementor-widget-container\">\n\t\t\t\t\t\t\t\t\t<h6 style=\"text-align: center\">Jornalista<\/h6>\t\t\t\t\t\t\t\t<\/div>\n\t\t\t\t<\/div>\n\t\t\t\t\t<\/div>\n\t\t<\/div>\n\t\t\t\t\t<\/div>\n\t\t<\/section>\n\t\t\t\t<section class=\"elementor-section elementor-top-section elementor-element elementor-element-4f4b4764 elementor-section-boxed elementor-section-height-default elementor-section-height-default\" data-id=\"4f4b4764\" data-element_type=\"section\">\n\t\t\t\t\t\t<div class=\"elementor-container elementor-column-gap-default\">\n\t\t\t\t\t<div class=\"elementor-column elementor-col-100 elementor-top-column elementor-element elementor-element-59f662af\" data-id=\"59f662af\" data-element_type=\"column\">\n\t\t\t<div class=\"elementor-widget-wrap elementor-element-populated\">\n\t\t\t\t\t\t<div class=\"elementor-element elementor-element-416629d1 elementor-widget elementor-widget-text-editor\" data-id=\"416629d1\" data-element_type=\"widget\" data-widget_type=\"text-editor.default\">\n\t\t\t\t<div class=\"elementor-widget-container\">\n\t\t\t\t\t\t\t\t\t<p><strong style=\"font-size: 1rem\">\u00c9 um contador de hist\u00f3rias que detesta o Facebook e que fumar\u00e1 at\u00e9 morrer. Conhecido pela sua personalidade forte, Miguel Sousa Tavares n\u00e3o \u00e9 indiferente a ningu\u00e9m. Aos alunos de comunica\u00e7\u00e3o aqui ficam conselhos, a todos os outros leitores aqui fica uma hist\u00f3ria.<\/strong><br><\/p>\n<p><strong><br><\/strong><\/p>\n<p><strong>O que o levou a trocar direito por jornalismo?<br><\/strong>Fiz essa troca para n\u00e3o morrer est\u00fapido! Sim, foi para n\u00e3o morrer est\u00fapido. Kafka dizia que s\u00f3 um homem pouco inteligente \u00e9 que se contentava com direito, eu tamb\u00e9m achei isso.<\/p>\n<p><br><\/p>\n<p><strong>Arrepende-se de ter deixado o projeto da <em>Grande Reportagem<\/em>?<br><\/strong>N\u00e3o me arrependo porque acho que os projetos t\u00eam um ciclo, e o meu ciclo m\u00e1ximo \u00e9 de dez anos em cada coisa. J\u00e1 tinha feito tudo o que devia na <em>Grande Reportagem<\/em>. A verdade \u00e9 que tamb\u00e9m j\u00e1 n\u00e3o tinha meios para fazer melhor, portanto n\u00e3o podia crescer, e a alternativa era ficar ali a vegetar e fazer uma coisa igual todos os meses, e par mim isso n\u00e3o era grande desafio profissional.<\/p>\n<p><br><\/p>\n<p><strong>Acredita no jornalismo portugu\u00eas?<br><\/strong>Isso \u00e9 uma pergunta muito dif\u00edcil. Hoje em dia \u00e9 dif\u00edcil acreditar no jornalismo, n\u00e3o tanto por culpa dos jornalistas, mas por culpa das condi\u00e7\u00f5es de trabalho. Os jornalistas s\u00e3o cada vez mais pior pagos, h\u00e1 cada vez menos dinheiro para investir no jornalismo, para fazer boas reportagens, para se fazer coisas que realmente interessam. Assim \u00e9 dif\u00edcil ter um bom jornalismo.<\/p>\n<p><br><\/p>\n<p><strong>Quais s\u00e3o, para si, as principais caracter\u00edsticas de um bom jornalista?<br><\/strong>Um bom jornalista tem que ser culto, saber falar pelo menos duas l\u00ednguas estrangeiras, tem que conhecer a hist\u00f3ria de Portugal, ter no\u00e7\u00f5es b\u00e1sicas sobre economia, sobre pol\u00edtica, etc. Eu sou um grande cr\u00edtico dos cursos de jornalismo, tal como temos em Portugal. Considero que s\u00e3o muito pouco pr\u00e1ticos, n\u00e3o preparam os alunos para a vida jornal\u00edstica. Acho que fazia muito mais sentido ter um curso dirigido \u00e0s coisas que interessam. Repare, \u00e0s vezes vejo pe\u00e7as jornal\u00edsticas sobre economia, por exemplo, e reparo que quem est\u00e1 a faz\u00ea-las n\u00e3o tem no\u00e7\u00e3o de coisas b\u00e1sicas, como a diferen\u00e7a entre balan\u00e7a de pagamentos e a balan\u00e7a comercial ou a diferen\u00e7a entre a d\u00edvida e d\u00e9fice. Isso faz-me impress\u00e3o. Para quem estuda jornalismo isto \u00e9 importante saber e deviam aprender no curso. Depois, acho que \u00e9 preciso, cada vez mais, ter um esp\u00edrito de miss\u00e3o. Existem v\u00e1rias profiss\u00f5es onde \u00e9 preciso, de facto, ter uma voca\u00e7\u00e3o e o jornalismo \u00e9 uma delas, \u00e9 preciso gostar muito disto. Portanto, tamb\u00e9m \u00e9 preciso ter uma capacidade de disponibilidade enorme, para se viver o jornalismo. N\u00e3o se faz um hor\u00e1rio das nove \u00e0s 17 horas, o jornalismo deve ser vivido o dia todo, trabalhar o dia todo, estar a ler outros jornais, estar a constatar outros meios de informa\u00e7\u00e3o, estar permanentemente a par daquilo que se passa. E saber escrever bem, um jornalista tem que escrever bem.<\/p>\t\t\t\t\t\t\t\t<\/div>\n\t\t\t\t<\/div>\n\t\t\t\t\t<\/div>\n\t\t<\/div>\n\t\t\t\t\t<\/div>\n\t\t<\/section>\n\t\t\t\t<section class=\"elementor-section elementor-top-section elementor-element elementor-element-9a0edab elementor-section-boxed elementor-section-height-default elementor-section-height-default\" data-id=\"9a0edab\" data-element_type=\"section\">\n\t\t\t\t\t\t<div class=\"elementor-container elementor-column-gap-default\">\n\t\t\t\t\t<div class=\"elementor-column elementor-col-100 elementor-top-column elementor-element elementor-element-e6ef2f3\" data-id=\"e6ef2f3\" data-element_type=\"column\">\n\t\t\t<div class=\"elementor-widget-wrap elementor-element-populated\">\n\t\t\t\t\t\t<div class=\"elementor-element elementor-element-6658318 elementor-widget elementor-widget-text-editor\" data-id=\"6658318\" data-element_type=\"widget\" data-widget_type=\"text-editor.default\">\n\t\t\t\t<div class=\"elementor-widget-container\">\n\t\t\t\t\t\t\t\t\t<blockquote><h1 style=\"text-align: center\"><strong>&#8220;O jornalismo \u00e9 a arte de se<br \/>saber contar uma hist\u00f3ria&#8221;<\/strong><\/h1><\/blockquote>\t\t\t\t\t\t\t\t<\/div>\n\t\t\t\t<\/div>\n\t\t\t\t\t<\/div>\n\t\t<\/div>\n\t\t\t\t\t<\/div>\n\t\t<\/section>\n\t\t\t\t<section class=\"elementor-section elementor-top-section elementor-element elementor-element-9d49942 elementor-section-boxed elementor-section-height-default elementor-section-height-default\" data-id=\"9d49942\" data-element_type=\"section\">\n\t\t\t\t\t\t<div class=\"elementor-container elementor-column-gap-default\">\n\t\t\t\t\t<div class=\"elementor-column elementor-col-100 elementor-top-column elementor-element elementor-element-e542e80\" data-id=\"e542e80\" data-element_type=\"column\">\n\t\t\t<div class=\"elementor-widget-wrap elementor-element-populated\">\n\t\t\t\t\t\t<div class=\"elementor-element elementor-element-16f0765 elementor-widget elementor-widget-text-editor\" data-id=\"16f0765\" data-element_type=\"widget\" data-widget_type=\"text-editor.default\">\n\t\t\t\t<div class=\"elementor-widget-container\">\n\t\t\t\t\t\t\t\t\t<p><strong>Qual a sua opini\u00e3o sobre o WikiLeaks?<br \/><\/strong>Em rela\u00e7\u00e3o ao WikiLeaks, eu j\u00e1 disse isto, acho que aquilo n\u00e3o tem nada a ver com jornalismo. Rigorosamente nada. Acho que \u00e9 uma viola\u00e7\u00e3o de correspond\u00eancia classificada e uma entrega em bruto de informa\u00e7\u00e3o aos jornais para que eles supostamente fa\u00e7am tratamento jornal\u00edstico. Que na minha opini\u00e3o n\u00e3o est\u00e3o a fazer minimamente. Para al\u00e9m do mais h\u00e1 uma regra sagrada no jornalismo que \u00e9 o contradit\u00f3rio: ou seja, n\u00f3s quando damos a vers\u00e3o de uma parte temos que dar obrigatoriamente a outra parte. O WikiLeaks apenas se dirige \u00e0 correspond\u00eancia diplom\u00e1tica dos Estados Unidos da Am\u00e9rica, n\u00e3o nos diz nada sobre os pa\u00edses com os quais eles t\u00eam rela\u00e7\u00f5es e \u00e0s vezes at\u00e9 conflitos diplom\u00e1ticos. N\u00f3s n\u00e3o temos um WikiLeaks sobre correspond\u00eancia diplom\u00e1tica da L\u00edbia, da Coreia do Norte, do Ir\u00e3o, da R\u00fassia, da China, etc. Portanto s\u00f3 temos um lado da coisa. \u00c9 aquilo a que o jornalismo chama uma pe\u00e7a\u00a0<em>one sided<\/em>, s\u00f3 um dos lados \u00e9 que \u00e9 ouvido. Nesse sentido, eu sou muito cr\u00edtico do WikiLeaks, na parte que diz respeito \u00e0 correspond\u00eancia diplom\u00e1tica dos EUA. Na outra parte, por exemplo o envolvimento no tr\u00e1fico de droga dos governantes africanos, a\u00ed eu j\u00e1 acho que \u00e9 bastante \u00fatil.<\/p><p>\u00a0<\/p><p><strong>Fazer coment\u00e1rios semanais na televis\u00e3o \u00e9 suficiente para lhe alimentar o \u201cbichinho\u201d do jornalismo?<br \/><\/strong>N\u00e3o, mas ele j\u00e1 foi alimentado tanto tempo [risos]. Mas, por exemplo, este m\u00eas fiz uma s\u00e9rie de cinco reportagens sobre os candidatos presidenciais. Assim vai dando para matar saudades.<\/p><p>\u00a0<\/p><p><strong>Disse \u00e0 revista\u00a0<em>Vis\u00e3o<\/em>\u00a0que teria mais receio de ter 20 anos hoje do que na sua \u00e9poca, dando o exemplo, em tom de brincadeira, do Facebook como uma das poss\u00edveis causas. As redes sociais assustam-no?<br \/><\/strong>[risos] Eu detesto o Facebook! Por acaso, ainda h\u00e1 pouco recebi uma chamada de uma jornalista a revelar-me que agora h\u00e1 uma p\u00e1gina de apoiantes meus, e perguntou-me se eu estava contente com isso. Respondi-lhe que me \u00e9 completamente indiferente, jamais l\u00e1 irei ver. Eu acho que o Facebook \u00e9 uma coisa que substitui as rela\u00e7\u00f5es humanas, as rela\u00e7\u00f5es pessoais. E ainda acredito no primado da rela\u00e7\u00e3o pessoal. Nas redes sociais as rela\u00e7\u00f5es passam-se num territ\u00f3rio desconhecido, onde ningu\u00e9m sabe de facto quem s\u00e3o os outros, onde toda a gente exp\u00f5e a sua intimidade, as suas vidas. Por exemplo, acho o c\u00famulo da estupidez que haja pessoas que perdem tempo a escrever \u201cagora vou \u00e0 casa de banho\u201d, \u201cagora vou jantar\u201d, \u201cagora acabei de jantar\u201d. S\u00e3o coisas que me ultrapassam.<\/p><p>\u00a0<\/p><p><strong>O facto de ser jornalista ajuda-o a ser melhor escritor?<br \/><\/strong>A ser melhor escritor, n\u00e3o; agora, ajuda-me a construir melhor as hist\u00f3rias. Sobretudo se escrevo um romance, eu acho que por ser jornalista tenho uma no\u00e7\u00e3o de como se conta uma hist\u00f3ria. O jornalismo \u00e9 a arte de se saber contar uma hist\u00f3ria, por mais absurda que ela seja, por mais r\u00e1pida. Se for uma hist\u00f3ria de dois minutos em televis\u00e3o h\u00e1 uma t\u00e9cnica para se contar, o romance tamb\u00e9m tem uma t\u00e9cnica. A aprendizagem dessa t\u00e9cnica, ou melhor, a no\u00e7\u00e3o de que eu tenho que contar uma hist\u00f3ria que tem regras t\u00e9cnicas narrativas, vem do jornalismo.<\/p><p>\u00a0<\/p><p><strong>Qual foi o livro que mais gostou de escrever?<br \/><\/strong>Foi o livro que publiquei recentemente, um livro infantil chamado\u00a0<em>Ismael e Chopin<\/em>. \u00c9 o meu melhor livro.<\/p><p>\u00a0<\/p><p><strong>J\u00e1 tem ideias para o pr\u00f3ximo livro?<br \/><\/strong>Tenho v\u00e1rias [risos]. Uma j\u00e1 morreu na gaveta definitivamente ao fim de 40 p\u00e1ginas, a outra ainda est\u00e1 a estrebuchar com umas 70 p\u00e1ginas. Vamos ver se a aguento.<\/p><p>\u00a0<\/p><p><strong>Vai deixar de fumar algum dia?<br \/><\/strong>Vou! Acho que no meu enterro sou capaz de n\u00e3o fumar muito! [risos]<\/p>\t\t\t\t\t\t\t\t<\/div>\n\t\t\t\t<\/div>\n\t\t\t\t\t<\/div>\n\t\t<\/div>\n\t\t\t\t\t<\/div>\n\t\t<\/section>\n\t\t\t\t<section class=\"elementor-section elementor-top-section elementor-element elementor-element-304acc1 elementor-section-boxed elementor-section-height-default elementor-section-height-default\" data-id=\"304acc1\" data-element_type=\"section\">\n\t\t\t\t\t\t<div class=\"elementor-container elementor-column-gap-default\">\n\t\t\t\t\t<div class=\"elementor-column elementor-col-100 elementor-top-column elementor-element elementor-element-20cfac9\" data-id=\"20cfac9\" data-element_type=\"column\">\n\t\t\t<div class=\"elementor-widget-wrap elementor-element-populated\">\n\t\t\t\t\t\t<div class=\"elementor-element elementor-element-af83628 elementor-widget elementor-widget-text-editor\" data-id=\"af83628\" data-element_type=\"widget\" data-widget_type=\"text-editor.default\">\n\t\t\t\t<div class=\"elementor-widget-container\">\n\t\t\t\t\t\t\t\t\t<p>\u00a0<\/p><hr \/><p><strong>Akad\u00e9micos 49 (27 de janeiro de 2011)<br \/>Entrevista por: <\/strong>Filipa Ara\u00fajo<\/p>\t\t\t\t\t\t\t\t<\/div>\n\t\t\t\t<\/div>\n\t\t\t\t\t<\/div>\n\t\t<\/div>\n\t\t\t\t\t<\/div>\n\t\t<\/section>\n\t\t\t\t<\/div>\n\t\t","protected":false},"excerpt":{"rendered":"<p>\/*! elementor &#8211; v3.12.1 &#8211; 02-04-2023 *\/ .elementor-widget-image{text-align:center}.elementor-widget-image a{display:inline-block}.elementor-widget-image a img[src$=&#8221;.svg&#8221;]{width:48px}.elementor-widget-image img{vertical-align:middle;display:inline-block} Miguel Sousa Tavares Jornalista \u00c9 um contador de hist\u00f3rias que detesta o Facebook e que fumar\u00e1 at\u00e9 morrer. Conhecido pela sua personalidade forte, Miguel Sousa Tavares n\u00e3o \u00e9 indiferente a ningu\u00e9m. Aos alunos de comunica\u00e7\u00e3o aqui ficam conselhos, a todos os outros leitores [&hellip;]<\/p>\n","protected":false},"author":4604,"featured_media":0,"comment_status":"closed","ping_status":"closed","sticky":false,"template":"","format":"standard","meta":{"footnotes":""},"categories":[4],"tags":[],"class_list":["post-132","post","type-post","status-publish","format-standard","hentry","category-sem-categoria"],"_links":{"self":[{"href":"https:\/\/sites.ipleiria.pt\/sentadosnomocho\/wp-json\/wp\/v2\/posts\/132","targetHints":{"allow":["GET"]}}],"collection":[{"href":"https:\/\/sites.ipleiria.pt\/sentadosnomocho\/wp-json\/wp\/v2\/posts"}],"about":[{"href":"https:\/\/sites.ipleiria.pt\/sentadosnomocho\/wp-json\/wp\/v2\/types\/post"}],"author":[{"embeddable":true,"href":"https:\/\/sites.ipleiria.pt\/sentadosnomocho\/wp-json\/wp\/v2\/users\/4604"}],"replies":[{"embeddable":true,"href":"https:\/\/sites.ipleiria.pt\/sentadosnomocho\/wp-json\/wp\/v2\/comments?post=132"}],"version-history":[{"count":20,"href":"https:\/\/sites.ipleiria.pt\/sentadosnomocho\/wp-json\/wp\/v2\/posts\/132\/revisions"}],"predecessor-version":[{"id":1450,"href":"https:\/\/sites.ipleiria.pt\/sentadosnomocho\/wp-json\/wp\/v2\/posts\/132\/revisions\/1450"}],"wp:attachment":[{"href":"https:\/\/sites.ipleiria.pt\/sentadosnomocho\/wp-json\/wp\/v2\/media?parent=132"}],"wp:term":[{"taxonomy":"category","embeddable":true,"href":"https:\/\/sites.ipleiria.pt\/sentadosnomocho\/wp-json\/wp\/v2\/categories?post=132"},{"taxonomy":"post_tag","embeddable":true,"href":"https:\/\/sites.ipleiria.pt\/sentadosnomocho\/wp-json\/wp\/v2\/tags?post=132"}],"curies":[{"name":"wp","href":"https:\/\/api.w.org\/{rel}","templated":true}]}}