{"id":152,"date":"2023-04-24T15:03:37","date_gmt":"2023-04-24T15:03:37","guid":{"rendered":"https:\/\/sites.ipleiria.pt\/sentadosnomocho\/?p=152"},"modified":"2023-04-26T12:42:20","modified_gmt":"2023-04-26T12:42:20","slug":"luis-osorio","status":"publish","type":"post","link":"https:\/\/sites.ipleiria.pt\/sentadosnomocho\/luis-osorio\/","title":{"rendered":"Lu\u00eds Os\u00f3rio"},"content":{"rendered":"\t\t<div data-elementor-type=\"wp-post\" data-elementor-id=\"152\" class=\"elementor elementor-152\">\n\t\t\t\t\t\t<section class=\"elementor-section elementor-top-section elementor-element elementor-element-91af3d1 elementor-section-boxed elementor-section-height-default elementor-section-height-default\" data-id=\"91af3d1\" data-element_type=\"section\">\n\t\t\t\t\t\t<div class=\"elementor-container elementor-column-gap-default\">\n\t\t\t\t\t<div class=\"elementor-column elementor-col-100 elementor-top-column elementor-element elementor-element-44ec38a\" data-id=\"44ec38a\" data-element_type=\"column\">\n\t\t\t<div class=\"elementor-widget-wrap elementor-element-populated\">\n\t\t\t\t\t\t<div class=\"elementor-element elementor-element-e8e82b2 elementor-widget elementor-widget-image\" data-id=\"e8e82b2\" data-element_type=\"widget\" data-widget_type=\"image.default\">\n\t\t\t\t<div class=\"elementor-widget-container\">\n\t\t\t\t\t\t\t\t\t\t\t\t\t\t\t<img fetchpriority=\"high\" decoding=\"async\" width=\"300\" height=\"300\" src=\"https:\/\/sites.ipleiria.pt\/sentadosnomocho\/files\/2023\/04\/LuisOsorio-300x300.png\" class=\"attachment-medium size-medium wp-image-580\" alt=\"\" srcset=\"https:\/\/sites.ipleiria.pt\/sentadosnomocho\/files\/2023\/04\/LuisOsorio-300x300.png 300w, https:\/\/sites.ipleiria.pt\/sentadosnomocho\/files\/2023\/04\/LuisOsorio-1024x1024.png 1024w, https:\/\/sites.ipleiria.pt\/sentadosnomocho\/files\/2023\/04\/LuisOsorio-150x150.png 150w, https:\/\/sites.ipleiria.pt\/sentadosnomocho\/files\/2023\/04\/LuisOsorio-768x768.png 768w, https:\/\/sites.ipleiria.pt\/sentadosnomocho\/files\/2023\/04\/elementor\/thumbs\/LuisOsorio-q5h71qnpf5j2x6kmcrst00hmjyuqt2h2rf0jdj1uxc.png 200w, https:\/\/sites.ipleiria.pt\/sentadosnomocho\/files\/2023\/04\/LuisOsorio.png 1080w\" sizes=\"(max-width: 300px) 100vw, 300px\" \/>\t\t\t\t\t\t\t\t\t\t\t\t\t\t\t<\/div>\n\t\t\t\t<\/div>\n\t\t\t\t\t<\/div>\n\t\t<\/div>\n\t\t\t\t\t<\/div>\n\t\t<\/section>\n\t\t\t\t<section class=\"elementor-section elementor-top-section elementor-element elementor-element-ca531fa elementor-section-boxed elementor-section-height-default elementor-section-height-default\" data-id=\"ca531fa\" data-element_type=\"section\">\n\t\t\t\t\t\t<div class=\"elementor-container elementor-column-gap-default\">\n\t\t\t\t\t<div class=\"elementor-column elementor-col-100 elementor-top-column elementor-element elementor-element-1e821ce\" data-id=\"1e821ce\" data-element_type=\"column\">\n\t\t\t<div class=\"elementor-widget-wrap elementor-element-populated\">\n\t\t\t\t\t\t<div class=\"elementor-element elementor-element-fcda1d3 elementor-widget elementor-widget-text-editor\" data-id=\"fcda1d3\" data-element_type=\"widget\" data-widget_type=\"text-editor.default\">\n\t\t\t\t<div class=\"elementor-widget-container\">\n\t\t\t\t\t\t\t\t\t<h2 style=\"text-align: center\">Lu\u00eds Os\u00f3rio<\/h2>\t\t\t\t\t\t\t\t<\/div>\n\t\t\t\t<\/div>\n\t\t\t\t\t<\/div>\n\t\t<\/div>\n\t\t\t\t\t<\/div>\n\t\t<\/section>\n\t\t\t\t<section class=\"elementor-section elementor-top-section elementor-element elementor-element-c8a325e elementor-section-boxed elementor-section-height-default elementor-section-height-default\" data-id=\"c8a325e\" data-element_type=\"section\">\n\t\t\t\t\t\t<div class=\"elementor-container elementor-column-gap-default\">\n\t\t\t\t\t<div class=\"elementor-column elementor-col-100 elementor-top-column elementor-element elementor-element-5d57ab1\" data-id=\"5d57ab1\" data-element_type=\"column\">\n\t\t\t<div class=\"elementor-widget-wrap elementor-element-populated\">\n\t\t\t\t\t\t<div class=\"elementor-element elementor-element-256c23c elementor-widget elementor-widget-text-editor\" data-id=\"256c23c\" data-element_type=\"widget\" data-widget_type=\"text-editor.default\">\n\t\t\t\t<div class=\"elementor-widget-container\">\n\t\t\t\t\t\t\t\t\t<h6 style=\"text-align: center\">Jornalista e Escritor<\/h6>\t\t\t\t\t\t\t\t<\/div>\n\t\t\t\t<\/div>\n\t\t\t\t\t<\/div>\n\t\t<\/div>\n\t\t\t\t\t<\/div>\n\t\t<\/section>\n\t\t\t\t<section class=\"elementor-section elementor-top-section elementor-element elementor-element-41afcf62 elementor-section-boxed elementor-section-height-default elementor-section-height-default\" data-id=\"41afcf62\" data-element_type=\"section\">\n\t\t\t\t\t\t<div class=\"elementor-container elementor-column-gap-default\">\n\t\t\t\t\t<div class=\"elementor-column elementor-col-100 elementor-top-column elementor-element elementor-element-31a4e6bf\" data-id=\"31a4e6bf\" data-element_type=\"column\">\n\t\t\t<div class=\"elementor-widget-wrap elementor-element-populated\">\n\t\t\t\t\t\t<div class=\"elementor-element elementor-element-3c20dc2 elementor-widget elementor-widget-text-editor\" data-id=\"3c20dc2\" data-element_type=\"widget\" data-widget_type=\"text-editor.default\">\n\t\t\t\t<div class=\"elementor-widget-container\">\n\t\t\t\t\t\t\t\t\t<p><strong style=\"font-size: 1rem\">Foi diretor de diversos \u00f3rg\u00e3os de comunica\u00e7\u00e3o social e \u00e9 tamb\u00e9m autor de diversos programas de televis\u00e3o. Jornalista e escritor, Lu\u00eds Os\u00f3rio conta com um vasto leque de publica\u00e7\u00f5es da sua autoria. Para o seu mais recente livro <em>30 Portugueses, 1 Pa\u00eds<\/em>, entrevistou 30 personalidades e deixou-as falar sobre o pa\u00eds que somos. Na sua opini\u00e3o, um pa\u00eds \u201cde contrastes e paradoxos\u201d, mas \u201cextraordin\u00e1rio\u201d.<\/strong><\/p><p><strong>\u00a0<\/strong><\/p><p><strong>Pensou sempre seguir uma carreira em jornalismo?<br \/><\/strong>Sempre tive a ideia de ser jornalista, sim. Desde que me conhe\u00e7o. Quando era mi\u00fado, com uns oito anos, ia ajudar o Sr. Correia numa papelaria na Rua de Sampaio Bruno, no bairro onde nasci, em Lisboa. Ajudava na venda de jornais e tinha o sonho de um dia estar no outro lado.<\/p><p>\u00a0<\/p><p><strong>Num dos seus livros, <em>Quanto tempo &#8211; uma crian\u00e7a no olhar<\/em>, refere que as suas for\u00e7as e fragilidades lhe foram conferidas \u00e0 dist\u00e2ncia pelo seu pai, que sempre foi ausente. Que influ\u00eancia tem a aus\u00eancia de um progenitor na vida de uma crian\u00e7a?<br \/><\/strong>Ter\u00e1 certamente influ\u00eancia, mas n\u00e3o consigo responder de uma maneira t\u00e3o geral. Em mim, teve uma forte influ\u00eancia. Curiosamente, n\u00e3o consigo, com toda a sinceridade, dizer que foi mais negativa do que positiva. O meu pai foi ausente, nunca ajudou a minha m\u00e3e no que quer que fosse. Por\u00e9m, nunca deixou de ser uma refer\u00eancia, era um homem poderoso, um homem forte e por quem eu sempre tive admira\u00e7\u00e3o. N\u00e3o o amei como a um pai, mas admirei-o sempre muito como uma refer\u00eancia.<\/p><p>\u00a0<\/p><p><strong>\u00a0<\/strong><strong>S\u00e3o da sua autoria diversos programas televisivos, como <em>Portugalmente<\/em> e <em>Zapping<\/em>. Qual a import\u00e2ncia destes formatos, tendo em conta a \u00e9poca em que foram emitidos?<br \/><\/strong>Serviram, por um lado, para provar que era poss\u00edvel aparecerem novas pessoas a fazer televis\u00e3o. E nesses programas trabalharam comigo Tiago Rodrigues, Nuno Costa Santos, Jos\u00e9 M\u00e1rio Silva, Rita Ferro Rodrigues, Lu\u00eds Filipe Borges e at\u00e9 Pedro Mexia. E, por outro, para experimentar formatos novos e testar a criatividade, pensar o mundo e a televis\u00e3o com um olhar diferente. A esses dois programas est\u00e1 associada Teresa Paix\u00e3o, atual diretora da RTP 2. Foi ela a convidar-me para os dois projetos. E a convidar-me com carta branca para pensar os modelos como quisesse. Foi uma enorme prova de confian\u00e7a.<\/p><p>\u00a0<\/p><p><strong>Existe a necessidade de criar conte\u00fados inovadores, quer em televis\u00e3o, quer noutro tipo de plataformas proporcionadas pelas novas tecnologias?<br \/><\/strong>Existe uma necessidade imperiosa de criar formatos inovadores. H\u00e1, com certeza, ideias novas e projetos muito interessantes, mas se quer que seja absolutamente sincero digo-lhe que esperava mais e melhor.<\/p><p>\u00a0<\/p><p><strong>Foi nomeado e ganhou diversos pr\u00e9mios ao longo da sua carreira. O que guarda desse reconhecimento?<br \/><\/strong>Guardo os pr\u00e9mios \u2013 com exce\u00e7\u00e3o do Sete de Ouro e do Pr\u00e9mio Gazeta Revela\u00e7\u00e3o, que perdi algures em mudan\u00e7as de casa. Lamentavelmente nunca os consegui encontrar.<\/p>\t\t\t\t\t\t\t\t<\/div>\n\t\t\t\t<\/div>\n\t\t\t\t\t<\/div>\n\t\t<\/div>\n\t\t\t\t\t<\/div>\n\t\t<\/section>\n\t\t\t\t<section class=\"elementor-section elementor-top-section elementor-element elementor-element-2ea409e elementor-section-boxed elementor-section-height-default elementor-section-height-default\" data-id=\"2ea409e\" data-element_type=\"section\">\n\t\t\t\t\t\t<div class=\"elementor-container elementor-column-gap-default\">\n\t\t\t\t\t<div class=\"elementor-column elementor-col-100 elementor-top-column elementor-element elementor-element-f6d7d97\" data-id=\"f6d7d97\" data-element_type=\"column\">\n\t\t\t<div class=\"elementor-widget-wrap elementor-element-populated\">\n\t\t\t\t\t\t<div class=\"elementor-element elementor-element-08dbcd7 elementor-widget elementor-widget-text-editor\" data-id=\"08dbcd7\" data-element_type=\"widget\" data-widget_type=\"text-editor.default\">\n\t\t\t\t<div class=\"elementor-widget-container\">\n\t\t\t\t\t\t\t\t\t<blockquote><h1 style=\"text-align: center\"><strong>&#8220;Existe uma necessidade imperiosa<br \/>de criar formatos inovadores&#8221;<\/strong><\/h1><\/blockquote>\t\t\t\t\t\t\t\t<\/div>\n\t\t\t\t<\/div>\n\t\t\t\t\t<\/div>\n\t\t<\/div>\n\t\t\t\t\t<\/div>\n\t\t<\/section>\n\t\t\t\t<section class=\"elementor-section elementor-top-section elementor-element elementor-element-8e5e68d elementor-section-boxed elementor-section-height-default elementor-section-height-default\" data-id=\"8e5e68d\" data-element_type=\"section\">\n\t\t\t\t\t\t<div class=\"elementor-container elementor-column-gap-default\">\n\t\t\t\t\t<div class=\"elementor-column elementor-col-100 elementor-top-column elementor-element elementor-element-97e0674\" data-id=\"97e0674\" data-element_type=\"column\">\n\t\t\t<div class=\"elementor-widget-wrap elementor-element-populated\">\n\t\t\t\t\t\t<div class=\"elementor-element elementor-element-9d63669 elementor-widget elementor-widget-text-editor\" data-id=\"9d63669\" data-element_type=\"widget\" data-widget_type=\"text-editor.default\">\n\t\t\t\t<div class=\"elementor-widget-container\">\n\t\t\t\t\t\t\t\t\t<p><strong>\u00c9 tamb\u00e9m comentador pol\u00edtico. De um modo geral, considera que as gera\u00e7\u00f5es atuais est\u00e3o cientes do que \u00e9 a vida pol\u00edtica do nosso pa\u00eds?<br \/><\/strong>Penso que sim. As gera\u00e7\u00f5es atuais nasceram em liberdade e num mundo globalizado. Ao mesmo tempo s\u00e3o gera\u00e7\u00f5es preparadas. Nunca existiram tantos licenciados e doutorados. O que acontece \u00e9 outra coisa: por um lado, desinteresse; por outro, falta de informa\u00e7\u00e3o. As duas coisas parecem paradoxais, mas s\u00e3o verdadeiras. Torn\u00e1mo-nos mais individualistas, mais desinteressados. No entanto, h\u00e1 coisas que est\u00e3o a acontecer e que s\u00e3o positivas. O combate contra as altera\u00e7\u00f5es clim\u00e1ticas, por exemplo. E isso \u00e9 pol\u00edtica.<\/p><p>\u00a0<\/p><p><strong>No seu entender, qual seria a import\u00e2ncia de introduzir na escola novas abordagens acerca do tema?<br \/><\/strong>Teria de ser pensado. Por\u00e9m, parece-me fundamental que os curr\u00edculos e disciplinas n\u00e3o cristalizem. O mundo est\u00e1 a mudar muito rapidamente e a escola deve estar preparada para isso, adaptar-se a isso.<\/p><p>\u00a0<\/p><p><strong>Todos os dias somos \u201cbombardeados\u201d por not\u00edcias, nem sempre verdadeiras. Como v\u00ea a rela\u00e7\u00e3o entre as novas tecnologias e o jornalismo na atualidade?<br \/><\/strong>A sua pergunta j\u00e1 inclui uma perversidade. Se n\u00e3o s\u00e3o verdadeiras, n\u00e3o s\u00e3o not\u00edcias. S\u00e3o apenas mentiras. A rela\u00e7\u00e3o \u00e9 de adapta\u00e7\u00e3o. O mundo mudou rapidamente: o jornalismo est\u00e1 a adaptar-se a este culto da rapidez e da superf\u00edcie e sobretudo ao culto da soberania do consumidor.<\/p><p>\u00a0<\/p><p><strong>Atualmente dedica mais tempo \u00e0 escrita do que ao jornalismo. Em que momento sentiu que preferia a escrita de um livro \u00e0 reda\u00e7\u00e3o de textos jornal\u00edsticos?<br \/><\/strong>Na minha vida as coisas n\u00e3o funcionam assim. Deixo que a vida me leve e dedico-me totalmente ao que em cada momento fa\u00e7o. Gosto de escrever uma reportagem, gosto de dirigir um projeto jornal\u00edstico, gosto de falar, de ensinar, de escrever livros, de encenar pe\u00e7as de teatro e de muito mais coisas. Em cada momento deixo que a vida se encarregue de me mostrar o caminho. Mas sim, \u00e9 verdade\u2026 quero escrever romances, tenho muitos fantasmas na cabe\u00e7a, fantasmas a que preciso de dar liberdade.<\/p><p>\u00a0<\/p><p><strong>Publicou recentemente\u00a0<em>30 Portugueses, 1 Pa\u00eds<\/em>, livro que fala sobre o Portugal dos dias de hoje, com depoimentos de diversas personalidades nacionais, como Ant\u00f3nio Costa ou Simone de Oliveira. De que modo t\u00eam estes 30 portugueses influ\u00eancia no nosso pa\u00eds e no seu desenvolvimento?<br \/><\/strong>Uns mais, outros menos, t\u00eam influ\u00eancia no que somos. Pelos lugares que ocuparam, pelas can\u00e7\u00f5es que deles cant\u00e1mos, pelas ideias que trouxeram ou por aquilo que influenciaram positiva e negativamente.<\/p><p>\u00a0<\/p><p><strong>De entre tantas possibilidades, em termos de reconhecimento e influ\u00eancia, como foi feita a escolha destes 30 portugueses?<br \/><\/strong>Para mim era importante que a escolha fosse parit\u00e1ria. Falei com 15 mulheres e 15 homens. Depois n\u00e3o podia escolher nenhuma personalidade que j\u00e1 estivesse inclu\u00edda no meu primeiro livro &#8211; tamb\u00e9m de entrevistas<em>, 25 Portugueses<\/em>, da Editorial Not\u00edcias. Em terceiro lugar existia um fator importante: as conversas eram p\u00fablicas. Todas as semanas encontrava-me com uma personalidade no Hotel Porto Bay Liberdade, do meu amigo e parceiro nesta iniciativa, Bernardo Trindade. Logo, as escolhas foram tamb\u00e9m em fun\u00e7\u00e3o das diversas disponibilidades, mas seria uma escolha sempre subjetiva.<\/p><p>\u00a0<\/p><p><strong>Pediu a outros portugueses para lhe mostrarem a sua vis\u00e3o sobre o pa\u00eds. Do seu ponto de vista, em que situa\u00e7\u00e3o se encontra Portugal dos dias de<\/strong><strong>\u00a0hoje?<\/strong><\/p><p>Portugal \u00e9 um pa\u00eds extraordin\u00e1rio. Um pa\u00eds de contrastes e paradoxos. Como costumo dizer, fomos a p\u00e1tria dos grandes descobridores, dos que partiram rumo ao desconhecido, mas tamb\u00e9m dos que ficaram a dizer mal dos que partiam. Somos um pa\u00eds com uma hist\u00f3ria extraordin\u00e1ria e que saber\u00e1 encontrar solu\u00e7\u00f5es para as suas crises permanentes. Soubemos melhorar, depois de um per\u00edodo terr\u00edvel, mas a pandemia levou-nos outra vez para tr\u00e1s. Contudo, ningu\u00e9m duvide de que estamos unidos e que daremos a volta. Sempre com coisas pequeninas, sempre com dificuldade em lidar com opini\u00f5es diferentes das nossas, mas generosos e orgulhosos do que somos \u2013 mesmo que o cinismo nem sempre o deixe mostrar.<\/p>\t\t\t\t\t\t\t\t<\/div>\n\t\t\t\t<\/div>\n\t\t\t\t\t<\/div>\n\t\t<\/div>\n\t\t\t\t\t<\/div>\n\t\t<\/section>\n\t\t\t\t<section class=\"elementor-section elementor-top-section elementor-element elementor-element-106acd5 elementor-section-boxed elementor-section-height-default elementor-section-height-default\" data-id=\"106acd5\" data-element_type=\"section\">\n\t\t\t\t\t\t<div class=\"elementor-container elementor-column-gap-default\">\n\t\t\t\t\t<div class=\"elementor-column elementor-col-100 elementor-top-column elementor-element elementor-element-40e7e28\" data-id=\"40e7e28\" data-element_type=\"column\">\n\t\t\t<div class=\"elementor-widget-wrap elementor-element-populated\">\n\t\t\t\t\t\t<div class=\"elementor-element elementor-element-eec064d elementor-widget elementor-widget-text-editor\" data-id=\"eec064d\" data-element_type=\"widget\" data-widget_type=\"text-editor.default\">\n\t\t\t\t<div class=\"elementor-widget-container\">\n\t\t\t\t\t\t\t\t\t<p>\u00a0<\/p><hr \/><p><strong>Akad\u00e9micos 88 (21 de maio de 2020)<br \/>Entrevista por:<\/strong> Andr\u00e9 Silva, Carolina Frade, Francisco Constantino e Miriam Tormenta<\/p>\t\t\t\t\t\t\t\t<\/div>\n\t\t\t\t<\/div>\n\t\t\t\t\t<\/div>\n\t\t<\/div>\n\t\t\t\t\t<\/div>\n\t\t<\/section>\n\t\t\t\t<\/div>\n\t\t","protected":false},"excerpt":{"rendered":"<p>\/*! elementor &#8211; v3.12.1 &#8211; 02-04-2023 *\/ .elementor-widget-image{text-align:center}.elementor-widget-image a{display:inline-block}.elementor-widget-image a img[src$=&#8221;.svg&#8221;]{width:48px}.elementor-widget-image img{vertical-align:middle;display:inline-block} Lu\u00eds Os\u00f3rio Jornalista e Escritor Foi diretor de diversos \u00f3rg\u00e3os de comunica\u00e7\u00e3o social e \u00e9 tamb\u00e9m autor de diversos programas de televis\u00e3o. Jornalista e escritor, Lu\u00eds Os\u00f3rio conta com um vasto leque de publica\u00e7\u00f5es da sua autoria. Para o seu mais recente livro [&hellip;]<\/p>\n","protected":false},"author":4604,"featured_media":0,"comment_status":"closed","ping_status":"closed","sticky":false,"template":"","format":"standard","meta":{"footnotes":""},"categories":[4],"tags":[],"class_list":["post-152","post","type-post","status-publish","format-standard","hentry","category-sem-categoria"],"_links":{"self":[{"href":"https:\/\/sites.ipleiria.pt\/sentadosnomocho\/wp-json\/wp\/v2\/posts\/152","targetHints":{"allow":["GET"]}}],"collection":[{"href":"https:\/\/sites.ipleiria.pt\/sentadosnomocho\/wp-json\/wp\/v2\/posts"}],"about":[{"href":"https:\/\/sites.ipleiria.pt\/sentadosnomocho\/wp-json\/wp\/v2\/types\/post"}],"author":[{"embeddable":true,"href":"https:\/\/sites.ipleiria.pt\/sentadosnomocho\/wp-json\/wp\/v2\/users\/4604"}],"replies":[{"embeddable":true,"href":"https:\/\/sites.ipleiria.pt\/sentadosnomocho\/wp-json\/wp\/v2\/comments?post=152"}],"version-history":[{"count":59,"href":"https:\/\/sites.ipleiria.pt\/sentadosnomocho\/wp-json\/wp\/v2\/posts\/152\/revisions"}],"predecessor-version":[{"id":1432,"href":"https:\/\/sites.ipleiria.pt\/sentadosnomocho\/wp-json\/wp\/v2\/posts\/152\/revisions\/1432"}],"wp:attachment":[{"href":"https:\/\/sites.ipleiria.pt\/sentadosnomocho\/wp-json\/wp\/v2\/media?parent=152"}],"wp:term":[{"taxonomy":"category","embeddable":true,"href":"https:\/\/sites.ipleiria.pt\/sentadosnomocho\/wp-json\/wp\/v2\/categories?post=152"},{"taxonomy":"post_tag","embeddable":true,"href":"https:\/\/sites.ipleiria.pt\/sentadosnomocho\/wp-json\/wp\/v2\/tags?post=152"}],"curies":[{"name":"wp","href":"https:\/\/api.w.org\/{rel}","templated":true}]}}